{"id":14221,"date":"2022-04-12T11:15:56","date_gmt":"2022-04-12T09:15:56","guid":{"rendered":"https:\/\/dignitynews.eu\/?p=14221"},"modified":"2022-04-12T16:46:48","modified_gmt":"2022-04-12T14:46:48","slug":"wer-waren-die-lodzermenschen-die-urspruenge-des-phaenomens-von-lodz","status":"publish","type":"post","link":"https:\/\/dignitynews.eu\/de\/wer-waren-die-lodzermenschen-die-urspruenge-des-phaenomens-von-lodz\/","title":{"rendered":"Wer waren die Lodzermenschen? Die Urspr\u00fcnge des Ph\u00e4nomens von \u0141\u00f3d\u017a"},"content":{"rendered":"<h5>Nach der Definition im \u201eW\u00f6rterbuch der Fremdw\u00f6rter&#8220;, das 1882 von dem bekannten Buchh\u00e4ndler Micha\u0142 Arct (1840-1912) herausgegeben wurde, war der Lodzermensch \u201eein Typus des Lodzer Gesch\u00e4ftsmannes, der sich unter dem deutsch-j\u00fcdischen Einfluss entwickelt hat; Er bekennt sich zu keiner Nationalit\u00e4t und k\u00fcmmert sich nur ums Gesch\u00e4ft\u201d. Aber war das wirklich so? Heute bezweifeln Wissenschaftler dies und verweisen auf den komplizierten Charakter des Begriffs \u201eLodzermensch\u201d.<\/h5>\n<p>Der Begriff ist mindestens seit den 1870er Jahren bekannt und bedeutete so viel wie \u201eein Mensch von \u0141\u00f3d\u017a\u201d, war also in der Tat ziemlich breit. Er sollte jedoch nicht mit dem Wort \u201e\u0141odzianin\u201d gleichgesetzt werden. Der deutsch-j\u00fcdische Einfluss auf die Kristallisierung des Begriffs, wie er im W\u00f6rterbuch der Fremdw\u00f6rter erw\u00e4hnt wird, ist besonders unklar. Einige Forscher sind der Ansicht, dass Deutschland die Heimat des \u201eLodzermenschen\u201d war, dessen germanischer Patriotismus sich im Laufe der Jahre in \u0141\u00f3d\u017a auf eigent\u00fcmliche Weise wandelte und zur Entstehung eines neuen Ph\u00e4nomens f\u00fchrte, das als \u201ePatriotismus von \u0141\u00f3d\u017a\u201d bezeichnet werden kann. Mit dem Polentum identifizierte er sich nicht.<\/p>\n<p>Andere vertraten die Auffassung, dass dieses Ph\u00e4nomen viel komplizierter ist. Sie haben die j\u00fcdischen Kultureinfl\u00fcsse \u00fcberhaupt nicht hervorgehoben. Wie 1912 geschrieben wurde, konnten diese Figuren abwechselnd Polen oder Deutsche sein, \u201eje nach der Umgebung, in der sie sich vor\u00fcbergehend befanden\u201d. Stanis\u0142aw Kutrzeba (1876-1946), ein polnischer Rechtshistoriker und Professor an der Jagiellonen-Universit\u00e4t, sah die Urspr\u00fcnge des Begriffs \u201eLodzermensch\u201d noch anders. Zu dieser Gruppe z\u00e4hlte er haupts\u00e4chlich assimilierte Juden.<\/p>\n<p>Niemand kann diese Streitfragen heute kl\u00e4ren, aber es scheint, dass der j\u00fcdische Beitrag zur Entwicklung des Bildes des Lodzermenschen am st\u00e4rksten war. Dies war auch die Meinung von Julian Tuwim. Wir gehen also heute davon aus, dass zu dieser \u201eKategorie\u201d der \u0141\u00f3d\u017a-Einwohner die Vertreter von drei Nationalit\u00e4ten \u2014 Juden, Deutsche und Polen sowie einzelne Russen oder Armenier geh\u00f6rten.<\/p>\n<p>Es gibt auch ein anderes, eher seltsames Konzept der Genealogie dieser Personen. Adam Hemer von der Universit\u00e4t \u0141\u00f3d\u017a zufolge \u201ehat sich nicht der Lodzermensch unter deutsch-j\u00fcdischem Einfluss entwickelt, sondern das deutsch-j\u00fcdisch-polnische Element unter dem Einfluss von \u0141\u00f3d\u017a&#8220;.<\/p>\n<p>Unsere Auffassung von der Genealogie der Lodzermenschen wurde sicherlich nicht nur von der j\u00fcdischen Intelligenz beeinflusst, sondern vor allem von W\u0142adys\u0142aw Reymont, der in\u00a0 seinem Roman \u201eZiemia obiecana\u201d (dt. <em>\u201eDas gelobte Land\u201d<\/em>) ein ausgesprochen wenig schmeichelhaftes Kollektivportr\u00e4t von ihnen entwarf. Es ist jedoch bezeichnend, dass das Bild der \u0141\u00f3d\u017a-Fabrikanten in der Arbeiterfolklre ein ganz anderes war. Sie galten als starke, unersch\u00fctterliche Menschen, sogar \u201egute Herren\u201d, die sich um ihre Angestellten k\u00fcmmerten.<\/p>\n","protected":false},"excerpt":{"rendered":"<p>Nach der Definition im \u201eW\u00f6rterbuch der Fremdw\u00f6rter&#8220;, das 1882 von dem bekannten Buchh\u00e4ndler Micha\u0142 Arct (1840-1912) herausgegeben wurde, war der Lodzermensch \u201eein Typus des Lodzer Gesch\u00e4ftsmannes, der sich unter dem&hellip;<\/p>\n","protected":false},"author":7,"featured_media":14153,"comment_status":"closed","ping_status":"open","sticky":false,"template":"","format":"standard","meta":{"_mi_skip_tracking":false,"footnotes":""},"categories":[52],"tags":[],"class_list":["post-14221","post","type-post","status-publish","format-standard","has-post-thumbnail","hentry","category-geschichte"],"yoast_head":"<!-- This site is optimized with the Yoast SEO plugin v19.4 - https:\/\/yoast.com\/wordpress\/plugins\/seo\/ -->\n<title>Wer waren die Lodzermenschen? Die Urspr\u00fcnge des Ph\u00e4nomens von \u0141\u00f3d\u017a - W\u00fcrde - DignityNews.eu<\/title>\n<meta name=\"robots\" content=\"index, follow, max-snippet:-1, max-image-preview:large, max-video-preview:-1\" \/>\n<link rel=\"canonical\" href=\"https:\/\/dignitynews.eu\/de\/wer-waren-die-lodzermenschen-die-urspruenge-des-phaenomens-von-lodz\/\" \/>\n<meta property=\"og:locale\" content=\"de_DE\" \/>\n<meta property=\"og:type\" content=\"article\" \/>\n<meta property=\"og:title\" content=\"Wer waren die Lodzermenschen? Die Urspr\u00fcnge des Ph\u00e4nomens von \u0141\u00f3d\u017a - W\u00fcrde - DignityNews.eu\" \/>\n<meta property=\"og:description\" content=\"Nach der Definition im \u201eW\u00f6rterbuch der Fremdw\u00f6rter&#8220;, das 1882 von dem bekannten Buchh\u00e4ndler Micha\u0142 Arct (1840-1912) herausgegeben wurde, war der Lodzermensch \u201eein Typus des Lodzer Gesch\u00e4ftsmannes, der sich unter dem&hellip;\" \/>\n<meta property=\"og:url\" content=\"https:\/\/dignitynews.eu\/de\/wer-waren-die-lodzermenschen-die-urspruenge-des-phaenomens-von-lodz\/\" \/>\n<meta property=\"og:site_name\" content=\"W\u00fcrde - DignityNews.eu\" \/>\n<meta property=\"article:published_time\" content=\"2022-04-12T09:15:56+00:00\" \/>\n<meta property=\"article:modified_time\" content=\"2022-04-12T14:46:48+00:00\" \/>\n<meta property=\"og:image\" content=\"https:\/\/dignitynews.eu\/wp-content\/uploads\/2022\/04\/Izrael_Kalmanowicz_Poznanski.jpg\" \/>\n\t<meta property=\"og:image:width\" content=\"245\" \/>\n\t<meta property=\"og:image:height\" content=\"350\" \/>\n\t<meta property=\"og:image:type\" content=\"image\/jpeg\" \/>\n<meta name=\"author\" content=\"Dignity News\" \/>\n<meta name=\"twitter:card\" content=\"summary_large_image\" \/>\n<meta name=\"twitter:label1\" content=\"Verfasst von\" \/>\n\t<meta name=\"twitter:data1\" content=\"Dignity News\" \/>\n\t<meta name=\"twitter:label2\" content=\"Gesch\u00e4tzte Lesezeit\" \/>\n\t<meta name=\"twitter:data2\" content=\"2\u00a0Minuten\" \/>\n<script type=\"application\/ld+json\" class=\"yoast-schema-graph\">{\"@context\":\"https:\/\/schema.org\",\"@graph\":[{\"@type\":\"WebSite\",\"@id\":\"https:\/\/dignitynews.eu\/pl\/#website\",\"url\":\"https:\/\/dignitynews.eu\/pl\/\",\"name\":\"W\u00fcrde - DignityNews.eu\",\"description\":\"\",\"potentialAction\":[{\"@type\":\"SearchAction\",\"target\":{\"@type\":\"EntryPoint\",\"urlTemplate\":\"https:\/\/dignitynews.eu\/pl\/?s={search_term_string}\"},\"query-input\":\"required name=search_term_string\"}],\"inLanguage\":\"de\"},{\"@type\":\"WebPage\",\"@id\":\"https:\/\/dignitynews.eu\/de\/wer-waren-die-lodzermenschen-die-urspruenge-des-phaenomens-von-lodz\/\",\"url\":\"https:\/\/dignitynews.eu\/de\/wer-waren-die-lodzermenschen-die-urspruenge-des-phaenomens-von-lodz\/\",\"name\":\"Wer waren die Lodzermenschen? Die Urspr\u00fcnge des Ph\u00e4nomens von \u0141\u00f3d\u017a - W\u00fcrde - DignityNews.eu\",\"isPartOf\":{\"@id\":\"https:\/\/dignitynews.eu\/pl\/#website\"},\"datePublished\":\"2022-04-12T09:15:56+00:00\",\"dateModified\":\"2022-04-12T14:46:48+00:00\",\"author\":{\"@id\":\"https:\/\/dignitynews.eu\/pl\/#\/schema\/person\/0b62b762b8174802fabc81a3ecb1bfcb\"},\"breadcrumb\":{\"@id\":\"https:\/\/dignitynews.eu\/de\/wer-waren-die-lodzermenschen-die-urspruenge-des-phaenomens-von-lodz\/#breadcrumb\"},\"inLanguage\":\"de\",\"potentialAction\":[{\"@type\":\"ReadAction\",\"target\":[\"https:\/\/dignitynews.eu\/de\/wer-waren-die-lodzermenschen-die-urspruenge-des-phaenomens-von-lodz\/\"]}]},{\"@type\":\"BreadcrumbList\",\"@id\":\"https:\/\/dignitynews.eu\/de\/wer-waren-die-lodzermenschen-die-urspruenge-des-phaenomens-von-lodz\/#breadcrumb\",\"itemListElement\":[{\"@type\":\"ListItem\",\"position\":1,\"name\":\"Strona g\u0142\u00f3wna\",\"item\":\"https:\/\/dignitynews.eu\/de\/\"},{\"@type\":\"ListItem\",\"position\":2,\"name\":\"Wer waren die Lodzermenschen? Die Urspr\u00fcnge des Ph\u00e4nomens von \u0141\u00f3d\u017a\"}]},{\"@type\":\"Person\",\"@id\":\"https:\/\/dignitynews.eu\/pl\/#\/schema\/person\/0b62b762b8174802fabc81a3ecb1bfcb\",\"name\":\"Dignity News\",\"image\":{\"@type\":\"ImageObject\",\"inLanguage\":\"de\",\"@id\":\"https:\/\/dignitynews.eu\/pl\/#\/schema\/person\/image\/\",\"url\":\"https:\/\/secure.gravatar.com\/avatar\/97963171a6d9108f8381bbefb1c6b150c445b6ddd9e3077b96c86cf5892c85dc?s=96&d=mm&r=g\",\"contentUrl\":\"https:\/\/secure.gravatar.com\/avatar\/97963171a6d9108f8381bbefb1c6b150c445b6ddd9e3077b96c86cf5892c85dc?s=96&d=mm&r=g\",\"caption\":\"Dignity News\"},\"url\":\"https:\/\/dignitynews.eu\/de\/author\/mikolaj-palade\/\"}]}<\/script>\n<!-- \/ Yoast SEO plugin. -->","yoast_head_json":{"title":"Wer waren die Lodzermenschen? Die Urspr\u00fcnge des Ph\u00e4nomens von \u0141\u00f3d\u017a - W\u00fcrde - DignityNews.eu","robots":{"index":"index","follow":"follow","max-snippet":"max-snippet:-1","max-image-preview":"max-image-preview:large","max-video-preview":"max-video-preview:-1"},"canonical":"https:\/\/dignitynews.eu\/de\/wer-waren-die-lodzermenschen-die-urspruenge-des-phaenomens-von-lodz\/","og_locale":"de_DE","og_type":"article","og_title":"Wer waren die Lodzermenschen? Die Urspr\u00fcnge des Ph\u00e4nomens von \u0141\u00f3d\u017a - W\u00fcrde - DignityNews.eu","og_description":"Nach der Definition im \u201eW\u00f6rterbuch der Fremdw\u00f6rter&#8220;, das 1882 von dem bekannten Buchh\u00e4ndler Micha\u0142 Arct (1840-1912) herausgegeben wurde, war der Lodzermensch \u201eein Typus des Lodzer Gesch\u00e4ftsmannes, der sich unter dem&hellip;","og_url":"https:\/\/dignitynews.eu\/de\/wer-waren-die-lodzermenschen-die-urspruenge-des-phaenomens-von-lodz\/","og_site_name":"W\u00fcrde - DignityNews.eu","article_published_time":"2022-04-12T09:15:56+00:00","article_modified_time":"2022-04-12T14:46:48+00:00","og_image":[{"width":245,"height":350,"url":"https:\/\/dignitynews.eu\/wp-content\/uploads\/2022\/04\/Izrael_Kalmanowicz_Poznanski.jpg","type":"image\/jpeg"}],"author":"Dignity News","twitter_card":"summary_large_image","twitter_misc":{"Verfasst von":"Dignity News","Gesch\u00e4tzte Lesezeit":"2\u00a0Minuten"},"schema":{"@context":"https:\/\/schema.org","@graph":[{"@type":"WebSite","@id":"https:\/\/dignitynews.eu\/pl\/#website","url":"https:\/\/dignitynews.eu\/pl\/","name":"W\u00fcrde - DignityNews.eu","description":"","potentialAction":[{"@type":"SearchAction","target":{"@type":"EntryPoint","urlTemplate":"https:\/\/dignitynews.eu\/pl\/?s={search_term_string}"},"query-input":"required name=search_term_string"}],"inLanguage":"de"},{"@type":"WebPage","@id":"https:\/\/dignitynews.eu\/de\/wer-waren-die-lodzermenschen-die-urspruenge-des-phaenomens-von-lodz\/","url":"https:\/\/dignitynews.eu\/de\/wer-waren-die-lodzermenschen-die-urspruenge-des-phaenomens-von-lodz\/","name":"Wer waren die Lodzermenschen? Die Urspr\u00fcnge des Ph\u00e4nomens von \u0141\u00f3d\u017a - W\u00fcrde - DignityNews.eu","isPartOf":{"@id":"https:\/\/dignitynews.eu\/pl\/#website"},"datePublished":"2022-04-12T09:15:56+00:00","dateModified":"2022-04-12T14:46:48+00:00","author":{"@id":"https:\/\/dignitynews.eu\/pl\/#\/schema\/person\/0b62b762b8174802fabc81a3ecb1bfcb"},"breadcrumb":{"@id":"https:\/\/dignitynews.eu\/de\/wer-waren-die-lodzermenschen-die-urspruenge-des-phaenomens-von-lodz\/#breadcrumb"},"inLanguage":"de","potentialAction":[{"@type":"ReadAction","target":["https:\/\/dignitynews.eu\/de\/wer-waren-die-lodzermenschen-die-urspruenge-des-phaenomens-von-lodz\/"]}]},{"@type":"BreadcrumbList","@id":"https:\/\/dignitynews.eu\/de\/wer-waren-die-lodzermenschen-die-urspruenge-des-phaenomens-von-lodz\/#breadcrumb","itemListElement":[{"@type":"ListItem","position":1,"name":"Strona g\u0142\u00f3wna","item":"https:\/\/dignitynews.eu\/de\/"},{"@type":"ListItem","position":2,"name":"Wer waren die Lodzermenschen? Die Urspr\u00fcnge des Ph\u00e4nomens von \u0141\u00f3d\u017a"}]},{"@type":"Person","@id":"https:\/\/dignitynews.eu\/pl\/#\/schema\/person\/0b62b762b8174802fabc81a3ecb1bfcb","name":"Dignity News","image":{"@type":"ImageObject","inLanguage":"de","@id":"https:\/\/dignitynews.eu\/pl\/#\/schema\/person\/image\/","url":"https:\/\/secure.gravatar.com\/avatar\/97963171a6d9108f8381bbefb1c6b150c445b6ddd9e3077b96c86cf5892c85dc?s=96&d=mm&r=g","contentUrl":"https:\/\/secure.gravatar.com\/avatar\/97963171a6d9108f8381bbefb1c6b150c445b6ddd9e3077b96c86cf5892c85dc?s=96&d=mm&r=g","caption":"Dignity News"},"url":"https:\/\/dignitynews.eu\/de\/author\/mikolaj-palade\/"}]}},"_links":{"self":[{"href":"https:\/\/dignitynews.eu\/de\/wp-json\/wp\/v2\/posts\/14221","targetHints":{"allow":["GET"]}}],"collection":[{"href":"https:\/\/dignitynews.eu\/de\/wp-json\/wp\/v2\/posts"}],"about":[{"href":"https:\/\/dignitynews.eu\/de\/wp-json\/wp\/v2\/types\/post"}],"author":[{"embeddable":true,"href":"https:\/\/dignitynews.eu\/de\/wp-json\/wp\/v2\/users\/7"}],"replies":[{"embeddable":true,"href":"https:\/\/dignitynews.eu\/de\/wp-json\/wp\/v2\/comments?post=14221"}],"version-history":[{"count":1,"href":"https:\/\/dignitynews.eu\/de\/wp-json\/wp\/v2\/posts\/14221\/revisions"}],"predecessor-version":[{"id":14222,"href":"https:\/\/dignitynews.eu\/de\/wp-json\/wp\/v2\/posts\/14221\/revisions\/14222"}],"wp:featuredmedia":[{"embeddable":true,"href":"https:\/\/dignitynews.eu\/de\/wp-json\/wp\/v2\/media\/14153"}],"wp:attachment":[{"href":"https:\/\/dignitynews.eu\/de\/wp-json\/wp\/v2\/media?parent=14221"}],"wp:term":[{"taxonomy":"category","embeddable":true,"href":"https:\/\/dignitynews.eu\/de\/wp-json\/wp\/v2\/categories?post=14221"},{"taxonomy":"post_tag","embeddable":true,"href":"https:\/\/dignitynews.eu\/de\/wp-json\/wp\/v2\/tags?post=14221"}],"curies":[{"name":"wp","href":"https:\/\/api.w.org\/{rel}","templated":true}]}}