{"id":14214,"date":"2022-04-12T11:15:49","date_gmt":"2022-04-12T09:15:49","guid":{"rendered":"https:\/\/dignitynews.eu\/?p=14214"},"modified":"2022-04-12T16:35:38","modified_gmt":"2022-04-12T14:35:38","slug":"premierminister-mateusz-morawiecki-nach-dem-treffen-mit-dem-belgischen-regierungschef-wir-muessen-sehr-entschieden-reagieren","status":"publish","type":"post","link":"https:\/\/dignitynews.eu\/de\/premierminister-mateusz-morawiecki-nach-dem-treffen-mit-dem-belgischen-regierungschef-wir-muessen-sehr-entschieden-reagieren\/","title":{"rendered":"Premierminister Mateusz Morawiecki nach dem Treffen mit dem belgischen Regierungschef: \u201eWir m\u00fcssen sehr entschieden reagieren\u201d"},"content":{"rendered":"<h5><strong>Premierminister Mateusz Morawiecki traf den belgischen Regierungschef Alexandre de Croo.\u00a0 \u201eAngesichts der furchtbaren Verbrechen, die von den russischen Invasoren in der Ukraine begangen werden, m\u00fcssen wir uns konsolidieren und sehr entschieden reagieren. Das haben wir mit dem belgischen Premierminister besprochen\u201d, berichtete der polnische Premierminister.<\/strong><\/h5>\n<p>\u201eVor kurzem wurden in dem Dorf Husarivka verbrannte Leichen aufgedeckt. Vorl\u00e4ufige Untersuchungen, die durchgef\u00fchrt wurden, sprechen von weiteren dramatischen Verbrechen, schrecklichen Verbrechen, die von russischen Invasoren begangen wurden. Sie sprechen nicht nur \u00fcber die Verbrennung von Menschen, sondern auch \u00fcber die Folterung von Menschen, auch \u00fcber Folterspuren am K\u00f6rper eines Kindes\u201d, sagte der polnische Regierungschef auf einer gemeinsamen Pressekonferenz mit dem belgischen Premierminister.<\/p>\n<p>Premierminister Morawiecki sprach auch \u00fcber die russische Propaganda, die sich seiner Meinung nach direkt auf die schlimmsten deutschen, faschistischen Traditionen beziehe.<\/p>\n<p>\u201eUnd deshalb ist der Vergleich von Putins Regime mit einem faschistischen Regime nicht nur legitim, sondern auch angemessen, denn er spiegelt die Brutalit\u00e4t dessen, was in der Ukraine geschieht, angemessen wider\u201d, betonte der polnische Ministerpr\u00e4sident.<\/p>\n<p>Mateusz Morawiecki wies darauf hin, dass Polen bereits mehr als zwei Millionen Fl\u00fcchtlinge aus der Ukraine aufgenommen hat, und appellierte an die Europ\u00e4ische Kommission, die der T\u00fcrkei in der Vergangenheit bei der Bew\u00e4ltigung der Fl\u00fcchtlingskrise geholfen hat, nun auch unser Land finanziell zu unterst\u00fctzen.<\/p>\n<p>\u201eIm Moment finanzieren wir das im Rahmen unserer M\u00f6glichkeiten, aber um einerseits der Gerechtigkeit Gen\u00fcge zu tun und andererseits damit wir auch in unserem Fall mit dem europ\u00e4ischen System zu tun haben, f\u00fchren wir diesbez\u00fcglich einen immer intensiveren Dialog mit der Europ\u00e4ischen Kommission\u201d, so der polnische Premierminister.<\/p>\n<p>Der belgische Regierungschef sagte, dass die Kosten f\u00fcr Russland, das den Krieg verursacht habe, so hoch wie m\u00f6glich sein sollten. Er erkl\u00e4rte sich auch zu weiteren Schritten bereit und \u00e4u\u00dferte seine \u00dcberzeugung, dass weitere Sanktionspakete notwendig seien.<\/p>\n<p>Arkadiusz S\u0142omczy\u0144ski<\/p>\n","protected":false},"excerpt":{"rendered":"<p>Premierminister Mateusz Morawiecki traf den belgischen Regierungschef Alexandre de Croo.\u00a0 \u201eAngesichts der furchtbaren Verbrechen, die von den russischen Invasoren in der Ukraine begangen werden, m\u00fcssen wir uns konsolidieren und sehr&hellip;<\/p>\n","protected":false},"author":7,"featured_media":14172,"comment_status":"closed","ping_status":"open","sticky":false,"template":"","format":"standard","meta":{"_mi_skip_tracking":false,"footnotes":""},"categories":[53],"tags":[],"class_list":["post-14214","post","type-post","status-publish","format-standard","has-post-thumbnail","hentry","category-nachrichten"],"yoast_head":"<!-- This site is optimized with the Yoast SEO plugin v19.4 - https:\/\/yoast.com\/wordpress\/plugins\/seo\/ -->\n<title>Premierminister Mateusz Morawiecki nach dem Treffen mit dem belgischen Regierungschef: \u201eWir m\u00fcssen sehr entschieden reagieren\u201d - W\u00fcrde - DignityNews.eu<\/title>\n<meta name=\"robots\" content=\"index, follow, max-snippet:-1, max-image-preview:large, max-video-preview:-1\" \/>\n<link rel=\"canonical\" href=\"https:\/\/dignitynews.eu\/de\/premierminister-mateusz-morawiecki-nach-dem-treffen-mit-dem-belgischen-regierungschef-wir-muessen-sehr-entschieden-reagieren\/\" \/>\n<meta property=\"og:locale\" content=\"de_DE\" \/>\n<meta property=\"og:type\" content=\"article\" \/>\n<meta property=\"og:title\" content=\"Premierminister Mateusz Morawiecki nach dem Treffen mit dem belgischen Regierungschef: \u201eWir m\u00fcssen sehr entschieden reagieren\u201d - W\u00fcrde - DignityNews.eu\" \/>\n<meta property=\"og:description\" content=\"Premierminister Mateusz Morawiecki traf den belgischen Regierungschef Alexandre de Croo.\u00a0 \u201eAngesichts der furchtbaren Verbrechen, die von den russischen Invasoren in der Ukraine begangen werden, m\u00fcssen wir uns konsolidieren und sehr&hellip;\" \/>\n<meta property=\"og:url\" content=\"https:\/\/dignitynews.eu\/de\/premierminister-mateusz-morawiecki-nach-dem-treffen-mit-dem-belgischen-regierungschef-wir-muessen-sehr-entschieden-reagieren\/\" \/>\n<meta property=\"og:site_name\" content=\"W\u00fcrde - DignityNews.eu\" \/>\n<meta property=\"article:published_time\" content=\"2022-04-12T09:15:49+00:00\" \/>\n<meta property=\"article:modified_time\" content=\"2022-04-12T14:35:38+00:00\" \/>\n<meta property=\"og:image\" content=\"https:\/\/dignitynews.eu\/wp-content\/uploads\/2022\/04\/Spotkanie-premierow-Polski-i-Belgii-\u2013-fot.-Piotr-Molecki-East-News.jpg\" \/>\n\t<meta property=\"og:image:width\" content=\"1500\" \/>\n\t<meta property=\"og:image:height\" content=\"993\" \/>\n\t<meta property=\"og:image:type\" content=\"image\/jpeg\" \/>\n<meta name=\"author\" content=\"Dignity News\" \/>\n<meta name=\"twitter:card\" content=\"summary_large_image\" \/>\n<meta name=\"twitter:label1\" content=\"Verfasst von\" \/>\n\t<meta name=\"twitter:data1\" content=\"Dignity News\" \/>\n\t<meta name=\"twitter:label2\" content=\"Gesch\u00e4tzte Lesezeit\" \/>\n\t<meta name=\"twitter:data2\" content=\"2\u00a0Minuten\" \/>\n<script type=\"application\/ld+json\" class=\"yoast-schema-graph\">{\"@context\":\"https:\/\/schema.org\",\"@graph\":[{\"@type\":\"WebSite\",\"@id\":\"https:\/\/dignitynews.eu\/pl\/#website\",\"url\":\"https:\/\/dignitynews.eu\/pl\/\",\"name\":\"W\u00fcrde - DignityNews.eu\",\"description\":\"\",\"potentialAction\":[{\"@type\":\"SearchAction\",\"target\":{\"@type\":\"EntryPoint\",\"urlTemplate\":\"https:\/\/dignitynews.eu\/pl\/?s={search_term_string}\"},\"query-input\":\"required name=search_term_string\"}],\"inLanguage\":\"de\"},{\"@type\":\"WebPage\",\"@id\":\"https:\/\/dignitynews.eu\/de\/premierminister-mateusz-morawiecki-nach-dem-treffen-mit-dem-belgischen-regierungschef-wir-muessen-sehr-entschieden-reagieren\/\",\"url\":\"https:\/\/dignitynews.eu\/de\/premierminister-mateusz-morawiecki-nach-dem-treffen-mit-dem-belgischen-regierungschef-wir-muessen-sehr-entschieden-reagieren\/\",\"name\":\"Premierminister Mateusz Morawiecki nach dem Treffen mit dem belgischen Regierungschef: \u201eWir m\u00fcssen sehr entschieden reagieren\u201d - W\u00fcrde - DignityNews.eu\",\"isPartOf\":{\"@id\":\"https:\/\/dignitynews.eu\/pl\/#website\"},\"datePublished\":\"2022-04-12T09:15:49+00:00\",\"dateModified\":\"2022-04-12T14:35:38+00:00\",\"author\":{\"@id\":\"https:\/\/dignitynews.eu\/pl\/#\/schema\/person\/0b62b762b8174802fabc81a3ecb1bfcb\"},\"breadcrumb\":{\"@id\":\"https:\/\/dignitynews.eu\/de\/premierminister-mateusz-morawiecki-nach-dem-treffen-mit-dem-belgischen-regierungschef-wir-muessen-sehr-entschieden-reagieren\/#breadcrumb\"},\"inLanguage\":\"de\",\"potentialAction\":[{\"@type\":\"ReadAction\",\"target\":[\"https:\/\/dignitynews.eu\/de\/premierminister-mateusz-morawiecki-nach-dem-treffen-mit-dem-belgischen-regierungschef-wir-muessen-sehr-entschieden-reagieren\/\"]}]},{\"@type\":\"BreadcrumbList\",\"@id\":\"https:\/\/dignitynews.eu\/de\/premierminister-mateusz-morawiecki-nach-dem-treffen-mit-dem-belgischen-regierungschef-wir-muessen-sehr-entschieden-reagieren\/#breadcrumb\",\"itemListElement\":[{\"@type\":\"ListItem\",\"position\":1,\"name\":\"Strona g\u0142\u00f3wna\",\"item\":\"https:\/\/dignitynews.eu\/de\/\"},{\"@type\":\"ListItem\",\"position\":2,\"name\":\"Premierminister Mateusz Morawiecki nach dem Treffen mit dem belgischen Regierungschef: \u201eWir m\u00fcssen sehr entschieden reagieren\u201d\"}]},{\"@type\":\"Person\",\"@id\":\"https:\/\/dignitynews.eu\/pl\/#\/schema\/person\/0b62b762b8174802fabc81a3ecb1bfcb\",\"name\":\"Dignity News\",\"image\":{\"@type\":\"ImageObject\",\"inLanguage\":\"de\",\"@id\":\"https:\/\/dignitynews.eu\/pl\/#\/schema\/person\/image\/\",\"url\":\"https:\/\/secure.gravatar.com\/avatar\/97963171a6d9108f8381bbefb1c6b150c445b6ddd9e3077b96c86cf5892c85dc?s=96&d=mm&r=g\",\"contentUrl\":\"https:\/\/secure.gravatar.com\/avatar\/97963171a6d9108f8381bbefb1c6b150c445b6ddd9e3077b96c86cf5892c85dc?s=96&d=mm&r=g\",\"caption\":\"Dignity News\"},\"url\":\"https:\/\/dignitynews.eu\/de\/author\/mikolaj-palade\/\"}]}<\/script>\n<!-- \/ Yoast SEO plugin. -->","yoast_head_json":{"title":"Premierminister Mateusz Morawiecki nach dem Treffen mit dem belgischen Regierungschef: \u201eWir m\u00fcssen sehr entschieden reagieren\u201d - W\u00fcrde - DignityNews.eu","robots":{"index":"index","follow":"follow","max-snippet":"max-snippet:-1","max-image-preview":"max-image-preview:large","max-video-preview":"max-video-preview:-1"},"canonical":"https:\/\/dignitynews.eu\/de\/premierminister-mateusz-morawiecki-nach-dem-treffen-mit-dem-belgischen-regierungschef-wir-muessen-sehr-entschieden-reagieren\/","og_locale":"de_DE","og_type":"article","og_title":"Premierminister Mateusz Morawiecki nach dem Treffen mit dem belgischen Regierungschef: \u201eWir m\u00fcssen sehr entschieden reagieren\u201d - W\u00fcrde - DignityNews.eu","og_description":"Premierminister Mateusz Morawiecki traf den belgischen Regierungschef Alexandre de Croo.\u00a0 \u201eAngesichts der furchtbaren Verbrechen, die von den russischen Invasoren in der Ukraine begangen werden, m\u00fcssen wir uns konsolidieren und sehr&hellip;","og_url":"https:\/\/dignitynews.eu\/de\/premierminister-mateusz-morawiecki-nach-dem-treffen-mit-dem-belgischen-regierungschef-wir-muessen-sehr-entschieden-reagieren\/","og_site_name":"W\u00fcrde - DignityNews.eu","article_published_time":"2022-04-12T09:15:49+00:00","article_modified_time":"2022-04-12T14:35:38+00:00","og_image":[{"width":1500,"height":993,"url":"https:\/\/dignitynews.eu\/wp-content\/uploads\/2022\/04\/Spotkanie-premierow-Polski-i-Belgii-\u2013-fot.-Piotr-Molecki-East-News.jpg","type":"image\/jpeg"}],"author":"Dignity News","twitter_card":"summary_large_image","twitter_misc":{"Verfasst von":"Dignity News","Gesch\u00e4tzte Lesezeit":"2\u00a0Minuten"},"schema":{"@context":"https:\/\/schema.org","@graph":[{"@type":"WebSite","@id":"https:\/\/dignitynews.eu\/pl\/#website","url":"https:\/\/dignitynews.eu\/pl\/","name":"W\u00fcrde - DignityNews.eu","description":"","potentialAction":[{"@type":"SearchAction","target":{"@type":"EntryPoint","urlTemplate":"https:\/\/dignitynews.eu\/pl\/?s={search_term_string}"},"query-input":"required name=search_term_string"}],"inLanguage":"de"},{"@type":"WebPage","@id":"https:\/\/dignitynews.eu\/de\/premierminister-mateusz-morawiecki-nach-dem-treffen-mit-dem-belgischen-regierungschef-wir-muessen-sehr-entschieden-reagieren\/","url":"https:\/\/dignitynews.eu\/de\/premierminister-mateusz-morawiecki-nach-dem-treffen-mit-dem-belgischen-regierungschef-wir-muessen-sehr-entschieden-reagieren\/","name":"Premierminister Mateusz Morawiecki nach dem Treffen mit dem belgischen Regierungschef: \u201eWir m\u00fcssen sehr entschieden reagieren\u201d - W\u00fcrde - DignityNews.eu","isPartOf":{"@id":"https:\/\/dignitynews.eu\/pl\/#website"},"datePublished":"2022-04-12T09:15:49+00:00","dateModified":"2022-04-12T14:35:38+00:00","author":{"@id":"https:\/\/dignitynews.eu\/pl\/#\/schema\/person\/0b62b762b8174802fabc81a3ecb1bfcb"},"breadcrumb":{"@id":"https:\/\/dignitynews.eu\/de\/premierminister-mateusz-morawiecki-nach-dem-treffen-mit-dem-belgischen-regierungschef-wir-muessen-sehr-entschieden-reagieren\/#breadcrumb"},"inLanguage":"de","potentialAction":[{"@type":"ReadAction","target":["https:\/\/dignitynews.eu\/de\/premierminister-mateusz-morawiecki-nach-dem-treffen-mit-dem-belgischen-regierungschef-wir-muessen-sehr-entschieden-reagieren\/"]}]},{"@type":"BreadcrumbList","@id":"https:\/\/dignitynews.eu\/de\/premierminister-mateusz-morawiecki-nach-dem-treffen-mit-dem-belgischen-regierungschef-wir-muessen-sehr-entschieden-reagieren\/#breadcrumb","itemListElement":[{"@type":"ListItem","position":1,"name":"Strona g\u0142\u00f3wna","item":"https:\/\/dignitynews.eu\/de\/"},{"@type":"ListItem","position":2,"name":"Premierminister Mateusz Morawiecki nach dem Treffen mit dem belgischen Regierungschef: \u201eWir m\u00fcssen sehr entschieden reagieren\u201d"}]},{"@type":"Person","@id":"https:\/\/dignitynews.eu\/pl\/#\/schema\/person\/0b62b762b8174802fabc81a3ecb1bfcb","name":"Dignity News","image":{"@type":"ImageObject","inLanguage":"de","@id":"https:\/\/dignitynews.eu\/pl\/#\/schema\/person\/image\/","url":"https:\/\/secure.gravatar.com\/avatar\/97963171a6d9108f8381bbefb1c6b150c445b6ddd9e3077b96c86cf5892c85dc?s=96&d=mm&r=g","contentUrl":"https:\/\/secure.gravatar.com\/avatar\/97963171a6d9108f8381bbefb1c6b150c445b6ddd9e3077b96c86cf5892c85dc?s=96&d=mm&r=g","caption":"Dignity News"},"url":"https:\/\/dignitynews.eu\/de\/author\/mikolaj-palade\/"}]}},"_links":{"self":[{"href":"https:\/\/dignitynews.eu\/de\/wp-json\/wp\/v2\/posts\/14214","targetHints":{"allow":["GET"]}}],"collection":[{"href":"https:\/\/dignitynews.eu\/de\/wp-json\/wp\/v2\/posts"}],"about":[{"href":"https:\/\/dignitynews.eu\/de\/wp-json\/wp\/v2\/types\/post"}],"author":[{"embeddable":true,"href":"https:\/\/dignitynews.eu\/de\/wp-json\/wp\/v2\/users\/7"}],"replies":[{"embeddable":true,"href":"https:\/\/dignitynews.eu\/de\/wp-json\/wp\/v2\/comments?post=14214"}],"version-history":[{"count":1,"href":"https:\/\/dignitynews.eu\/de\/wp-json\/wp\/v2\/posts\/14214\/revisions"}],"predecessor-version":[{"id":14215,"href":"https:\/\/dignitynews.eu\/de\/wp-json\/wp\/v2\/posts\/14214\/revisions\/14215"}],"wp:featuredmedia":[{"embeddable":true,"href":"https:\/\/dignitynews.eu\/de\/wp-json\/wp\/v2\/media\/14172"}],"wp:attachment":[{"href":"https:\/\/dignitynews.eu\/de\/wp-json\/wp\/v2\/media?parent=14214"}],"wp:term":[{"taxonomy":"category","embeddable":true,"href":"https:\/\/dignitynews.eu\/de\/wp-json\/wp\/v2\/categories?post=14214"},{"taxonomy":"post_tag","embeddable":true,"href":"https:\/\/dignitynews.eu\/de\/wp-json\/wp\/v2\/tags?post=14214"}],"curies":[{"name":"wp","href":"https:\/\/api.w.org\/{rel}","templated":true}]}}