{"id":14045,"date":"2022-04-11T10:15:33","date_gmt":"2022-04-11T08:15:33","guid":{"rendered":"https:\/\/dignitynews.eu\/?p=14045"},"modified":"2022-04-11T17:00:20","modified_gmt":"2022-04-11T15:00:20","slug":"jaroslaw-kaczynski-der-russische-postkommunismus-ist-genauso-verbrecherisch-wie-der-kommunismus","status":"publish","type":"post","link":"https:\/\/dignitynews.eu\/de\/jaroslaw-kaczynski-der-russische-postkommunismus-ist-genauso-verbrecherisch-wie-der-kommunismus\/","title":{"rendered":"Der polnische Pr\u00e4sident will, dass das Verbrechen von Katy\u0144 vor internationalen Gerichten verhandelt wird"},"content":{"rendered":"<h5><strong>\u201eSeit 80 Jahren haben die Opfer und ihre Familien keine Gerechtigkeit f\u00fcr das Massaker von Katy\u0144 erhalten. V<\/strong><strong>\u00f6<\/strong><strong>lkermord verj<\/strong><strong>\u00e4hrt nicht. Deshalb werde ich fordern, dass dieser Fall vor internationalen Gerichten gekl\u00e4rt wird. Wir werden in n\u00e4chster Zeit entsprechende Antr\u00e4ge stellen. Dieses Verbrechen muss endlich verurteilt und die T\u00e4ter benannt werden\u201d, sagte der polnische Pr\u00e4sident Andrzej Duda in seiner Rede am 10. April.<\/strong><\/h5>\n<p>Er wies darauf hin, dass die Ermordung von fast 22.000 unserer Landsleute im Jahr 1940 auf Befehl von Joseph Stalin \u201eein Verbrechen des V\u00f6lkermords war, das von den Sowjets an v\u00f6llig wehrlosen Opfern begangen wurde\u201d. Der Pr\u00e4sident f\u00fcgte hinzu, dass dieses Verbrechen nie bestraft worden sei.<\/p>\n<p>Andrzej Duda brachte seine \u00dcberzeugung zum Ausdruck, dass \u201evergessene, unges\u00fchnte Kriegsverbrechen, Verbrechen gegen die Menschlichkeit, befeuern unter den T\u00e4tern das Gef\u00fchl der Straflosigkeit. Das ist, als ob man deren Nachfolgern und Anh\u00e4ngern gr\u00fcnes Licht g\u00e4be. Das k\u00f6nnen wir heute bei Russlands brutaler Aggression gegen die unabh\u00e4ngige und demokratische Ukraine in vollem Umfang sehen\u201d, f\u00fcgte der Pr\u00e4sident hinzu.<\/p>\n<p>Der polnische Staatschef k\u00fcndigte an, er werde alle m\u00f6glichen diplomatischen Schritte unternehmen, damit die Welt das Verbrechen von Katy\u0144 nicht vergisst und die T\u00e4ter konsequent verurteilt. \u201eDas sind wir den Toten schuldig, aber auch denjenigen, die jahrelang f\u00fcr die Wahrheit und die Erinnerung an Katy\u0144 gek\u00e4mpft haben\u201d, sagte Andrzej Duda.<\/p>\n<p>Adrian Andrzejewski<\/p>\n","protected":false},"excerpt":{"rendered":"<p>\u201eSeit 80 Jahren haben die Opfer und ihre Familien keine Gerechtigkeit f\u00fcr das Massaker von Katy\u0144 erhalten. V\u00f6lkermord verj\u00e4hrt nicht. Deshalb werde ich fordern, dass dieser Fall vor internationalen Gerichten&hellip;<\/p>\n","protected":false},"author":7,"featured_media":13977,"comment_status":"closed","ping_status":"open","sticky":false,"template":"","format":"standard","meta":{"_mi_skip_tracking":false,"footnotes":""},"categories":[53],"tags":[],"class_list":["post-14045","post","type-post","status-publish","format-standard","has-post-thumbnail","hentry","category-nachrichten"],"yoast_head":"<!-- This site is optimized with the Yoast SEO plugin v19.4 - https:\/\/yoast.com\/wordpress\/plugins\/seo\/ -->\n<title>Der polnische Pr\u00e4sident will, dass das Verbrechen von Katy\u0144 vor internationalen Gerichten verhandelt wird - W\u00fcrde - DignityNews.eu<\/title>\n<meta name=\"robots\" content=\"index, follow, max-snippet:-1, max-image-preview:large, max-video-preview:-1\" \/>\n<link rel=\"canonical\" href=\"https:\/\/dignitynews.eu\/de\/jaroslaw-kaczynski-der-russische-postkommunismus-ist-genauso-verbrecherisch-wie-der-kommunismus\/\" \/>\n<meta property=\"og:locale\" content=\"de_DE\" \/>\n<meta property=\"og:type\" content=\"article\" \/>\n<meta property=\"og:title\" content=\"Der polnische Pr\u00e4sident will, dass das Verbrechen von Katy\u0144 vor internationalen Gerichten verhandelt wird - W\u00fcrde - DignityNews.eu\" \/>\n<meta property=\"og:description\" content=\"\u201eSeit 80 Jahren haben die Opfer und ihre Familien keine Gerechtigkeit f\u00fcr das Massaker von Katy\u0144 erhalten. V\u00f6lkermord verj\u00e4hrt nicht. Deshalb werde ich fordern, dass dieser Fall vor internationalen Gerichten&hellip;\" \/>\n<meta property=\"og:url\" content=\"https:\/\/dignitynews.eu\/de\/jaroslaw-kaczynski-der-russische-postkommunismus-ist-genauso-verbrecherisch-wie-der-kommunismus\/\" \/>\n<meta property=\"og:site_name\" content=\"W\u00fcrde - DignityNews.eu\" \/>\n<meta property=\"article:published_time\" content=\"2022-04-11T08:15:33+00:00\" \/>\n<meta property=\"article:modified_time\" content=\"2022-04-11T15:00:20+00:00\" \/>\n<meta property=\"og:image\" content=\"https:\/\/dignitynews.eu\/wp-content\/uploads\/2022\/04\/Andrzej_Duda-fot.-Jakub-Szymczuk-KPRP.jpg\" \/>\n\t<meta property=\"og:image:width\" content=\"1600\" \/>\n\t<meta property=\"og:image:height\" content=\"1066\" \/>\n\t<meta property=\"og:image:type\" content=\"image\/jpeg\" \/>\n<meta name=\"author\" content=\"Dignity News\" \/>\n<meta name=\"twitter:card\" content=\"summary_large_image\" \/>\n<meta name=\"twitter:label1\" content=\"Verfasst von\" \/>\n\t<meta name=\"twitter:data1\" content=\"Dignity News\" \/>\n\t<meta name=\"twitter:label2\" content=\"Gesch\u00e4tzte Lesezeit\" \/>\n\t<meta name=\"twitter:data2\" content=\"2\u00a0Minuten\" \/>\n<script type=\"application\/ld+json\" class=\"yoast-schema-graph\">{\"@context\":\"https:\/\/schema.org\",\"@graph\":[{\"@type\":\"WebSite\",\"@id\":\"https:\/\/dignitynews.eu\/pl\/#website\",\"url\":\"https:\/\/dignitynews.eu\/pl\/\",\"name\":\"W\u00fcrde - DignityNews.eu\",\"description\":\"\",\"potentialAction\":[{\"@type\":\"SearchAction\",\"target\":{\"@type\":\"EntryPoint\",\"urlTemplate\":\"https:\/\/dignitynews.eu\/pl\/?s={search_term_string}\"},\"query-input\":\"required name=search_term_string\"}],\"inLanguage\":\"de\"},{\"@type\":\"WebPage\",\"@id\":\"https:\/\/dignitynews.eu\/de\/jaroslaw-kaczynski-der-russische-postkommunismus-ist-genauso-verbrecherisch-wie-der-kommunismus\/\",\"url\":\"https:\/\/dignitynews.eu\/de\/jaroslaw-kaczynski-der-russische-postkommunismus-ist-genauso-verbrecherisch-wie-der-kommunismus\/\",\"name\":\"Der polnische Pr\u00e4sident will, dass das Verbrechen von Katy\u0144 vor internationalen Gerichten verhandelt wird - W\u00fcrde - DignityNews.eu\",\"isPartOf\":{\"@id\":\"https:\/\/dignitynews.eu\/pl\/#website\"},\"datePublished\":\"2022-04-11T08:15:33+00:00\",\"dateModified\":\"2022-04-11T15:00:20+00:00\",\"author\":{\"@id\":\"https:\/\/dignitynews.eu\/pl\/#\/schema\/person\/0b62b762b8174802fabc81a3ecb1bfcb\"},\"breadcrumb\":{\"@id\":\"https:\/\/dignitynews.eu\/de\/jaroslaw-kaczynski-der-russische-postkommunismus-ist-genauso-verbrecherisch-wie-der-kommunismus\/#breadcrumb\"},\"inLanguage\":\"de\",\"potentialAction\":[{\"@type\":\"ReadAction\",\"target\":[\"https:\/\/dignitynews.eu\/de\/jaroslaw-kaczynski-der-russische-postkommunismus-ist-genauso-verbrecherisch-wie-der-kommunismus\/\"]}]},{\"@type\":\"BreadcrumbList\",\"@id\":\"https:\/\/dignitynews.eu\/de\/jaroslaw-kaczynski-der-russische-postkommunismus-ist-genauso-verbrecherisch-wie-der-kommunismus\/#breadcrumb\",\"itemListElement\":[{\"@type\":\"ListItem\",\"position\":1,\"name\":\"Strona g\u0142\u00f3wna\",\"item\":\"https:\/\/dignitynews.eu\/de\/\"},{\"@type\":\"ListItem\",\"position\":2,\"name\":\"Der polnische Pr\u00e4sident will, dass das Verbrechen von Katy\u0144 vor internationalen Gerichten verhandelt wird\"}]},{\"@type\":\"Person\",\"@id\":\"https:\/\/dignitynews.eu\/pl\/#\/schema\/person\/0b62b762b8174802fabc81a3ecb1bfcb\",\"name\":\"Dignity News\",\"image\":{\"@type\":\"ImageObject\",\"inLanguage\":\"de\",\"@id\":\"https:\/\/dignitynews.eu\/pl\/#\/schema\/person\/image\/\",\"url\":\"https:\/\/secure.gravatar.com\/avatar\/97963171a6d9108f8381bbefb1c6b150c445b6ddd9e3077b96c86cf5892c85dc?s=96&d=mm&r=g\",\"contentUrl\":\"https:\/\/secure.gravatar.com\/avatar\/97963171a6d9108f8381bbefb1c6b150c445b6ddd9e3077b96c86cf5892c85dc?s=96&d=mm&r=g\",\"caption\":\"Dignity News\"},\"url\":\"https:\/\/dignitynews.eu\/de\/author\/mikolaj-palade\/\"}]}<\/script>\n<!-- \/ Yoast SEO plugin. -->","yoast_head_json":{"title":"Der polnische Pr\u00e4sident will, dass das Verbrechen von Katy\u0144 vor internationalen Gerichten verhandelt wird - W\u00fcrde - DignityNews.eu","robots":{"index":"index","follow":"follow","max-snippet":"max-snippet:-1","max-image-preview":"max-image-preview:large","max-video-preview":"max-video-preview:-1"},"canonical":"https:\/\/dignitynews.eu\/de\/jaroslaw-kaczynski-der-russische-postkommunismus-ist-genauso-verbrecherisch-wie-der-kommunismus\/","og_locale":"de_DE","og_type":"article","og_title":"Der polnische Pr\u00e4sident will, dass das Verbrechen von Katy\u0144 vor internationalen Gerichten verhandelt wird - W\u00fcrde - DignityNews.eu","og_description":"\u201eSeit 80 Jahren haben die Opfer und ihre Familien keine Gerechtigkeit f\u00fcr das Massaker von Katy\u0144 erhalten. V\u00f6lkermord verj\u00e4hrt nicht. Deshalb werde ich fordern, dass dieser Fall vor internationalen Gerichten&hellip;","og_url":"https:\/\/dignitynews.eu\/de\/jaroslaw-kaczynski-der-russische-postkommunismus-ist-genauso-verbrecherisch-wie-der-kommunismus\/","og_site_name":"W\u00fcrde - DignityNews.eu","article_published_time":"2022-04-11T08:15:33+00:00","article_modified_time":"2022-04-11T15:00:20+00:00","og_image":[{"width":1600,"height":1066,"url":"https:\/\/dignitynews.eu\/wp-content\/uploads\/2022\/04\/Andrzej_Duda-fot.-Jakub-Szymczuk-KPRP.jpg","type":"image\/jpeg"}],"author":"Dignity News","twitter_card":"summary_large_image","twitter_misc":{"Verfasst von":"Dignity News","Gesch\u00e4tzte Lesezeit":"2\u00a0Minuten"},"schema":{"@context":"https:\/\/schema.org","@graph":[{"@type":"WebSite","@id":"https:\/\/dignitynews.eu\/pl\/#website","url":"https:\/\/dignitynews.eu\/pl\/","name":"W\u00fcrde - DignityNews.eu","description":"","potentialAction":[{"@type":"SearchAction","target":{"@type":"EntryPoint","urlTemplate":"https:\/\/dignitynews.eu\/pl\/?s={search_term_string}"},"query-input":"required name=search_term_string"}],"inLanguage":"de"},{"@type":"WebPage","@id":"https:\/\/dignitynews.eu\/de\/jaroslaw-kaczynski-der-russische-postkommunismus-ist-genauso-verbrecherisch-wie-der-kommunismus\/","url":"https:\/\/dignitynews.eu\/de\/jaroslaw-kaczynski-der-russische-postkommunismus-ist-genauso-verbrecherisch-wie-der-kommunismus\/","name":"Der polnische Pr\u00e4sident will, dass das Verbrechen von Katy\u0144 vor internationalen Gerichten verhandelt wird - W\u00fcrde - DignityNews.eu","isPartOf":{"@id":"https:\/\/dignitynews.eu\/pl\/#website"},"datePublished":"2022-04-11T08:15:33+00:00","dateModified":"2022-04-11T15:00:20+00:00","author":{"@id":"https:\/\/dignitynews.eu\/pl\/#\/schema\/person\/0b62b762b8174802fabc81a3ecb1bfcb"},"breadcrumb":{"@id":"https:\/\/dignitynews.eu\/de\/jaroslaw-kaczynski-der-russische-postkommunismus-ist-genauso-verbrecherisch-wie-der-kommunismus\/#breadcrumb"},"inLanguage":"de","potentialAction":[{"@type":"ReadAction","target":["https:\/\/dignitynews.eu\/de\/jaroslaw-kaczynski-der-russische-postkommunismus-ist-genauso-verbrecherisch-wie-der-kommunismus\/"]}]},{"@type":"BreadcrumbList","@id":"https:\/\/dignitynews.eu\/de\/jaroslaw-kaczynski-der-russische-postkommunismus-ist-genauso-verbrecherisch-wie-der-kommunismus\/#breadcrumb","itemListElement":[{"@type":"ListItem","position":1,"name":"Strona g\u0142\u00f3wna","item":"https:\/\/dignitynews.eu\/de\/"},{"@type":"ListItem","position":2,"name":"Der polnische Pr\u00e4sident will, dass das Verbrechen von Katy\u0144 vor internationalen Gerichten verhandelt wird"}]},{"@type":"Person","@id":"https:\/\/dignitynews.eu\/pl\/#\/schema\/person\/0b62b762b8174802fabc81a3ecb1bfcb","name":"Dignity News","image":{"@type":"ImageObject","inLanguage":"de","@id":"https:\/\/dignitynews.eu\/pl\/#\/schema\/person\/image\/","url":"https:\/\/secure.gravatar.com\/avatar\/97963171a6d9108f8381bbefb1c6b150c445b6ddd9e3077b96c86cf5892c85dc?s=96&d=mm&r=g","contentUrl":"https:\/\/secure.gravatar.com\/avatar\/97963171a6d9108f8381bbefb1c6b150c445b6ddd9e3077b96c86cf5892c85dc?s=96&d=mm&r=g","caption":"Dignity News"},"url":"https:\/\/dignitynews.eu\/de\/author\/mikolaj-palade\/"}]}},"_links":{"self":[{"href":"https:\/\/dignitynews.eu\/de\/wp-json\/wp\/v2\/posts\/14045","targetHints":{"allow":["GET"]}}],"collection":[{"href":"https:\/\/dignitynews.eu\/de\/wp-json\/wp\/v2\/posts"}],"about":[{"href":"https:\/\/dignitynews.eu\/de\/wp-json\/wp\/v2\/types\/post"}],"author":[{"embeddable":true,"href":"https:\/\/dignitynews.eu\/de\/wp-json\/wp\/v2\/users\/7"}],"replies":[{"embeddable":true,"href":"https:\/\/dignitynews.eu\/de\/wp-json\/wp\/v2\/comments?post=14045"}],"version-history":[{"count":3,"href":"https:\/\/dignitynews.eu\/de\/wp-json\/wp\/v2\/posts\/14045\/revisions"}],"predecessor-version":[{"id":14051,"href":"https:\/\/dignitynews.eu\/de\/wp-json\/wp\/v2\/posts\/14045\/revisions\/14051"}],"wp:featuredmedia":[{"embeddable":true,"href":"https:\/\/dignitynews.eu\/de\/wp-json\/wp\/v2\/media\/13977"}],"wp:attachment":[{"href":"https:\/\/dignitynews.eu\/de\/wp-json\/wp\/v2\/media?parent=14045"}],"wp:term":[{"taxonomy":"category","embeddable":true,"href":"https:\/\/dignitynews.eu\/de\/wp-json\/wp\/v2\/categories?post=14045"},{"taxonomy":"post_tag","embeddable":true,"href":"https:\/\/dignitynews.eu\/de\/wp-json\/wp\/v2\/tags?post=14045"}],"curies":[{"name":"wp","href":"https:\/\/api.w.org\/{rel}","templated":true}]}}