{"id":13560,"date":"2022-04-06T10:58:14","date_gmt":"2022-04-06T08:58:14","guid":{"rendered":"https:\/\/dignitynews.eu\/?p=13560"},"modified":"2022-04-06T16:33:19","modified_gmt":"2022-04-06T14:33:19","slug":"der-krieg-in-der-ukraine-beeintraechtigt-die-nahrungsmittelproduktion-praesident-beruhigt-polen-ist-autark","status":"publish","type":"post","link":"https:\/\/dignitynews.eu\/de\/der-krieg-in-der-ukraine-beeintraechtigt-die-nahrungsmittelproduktion-praesident-beruhigt-polen-ist-autark\/","title":{"rendered":"Der Krieg in der Ukraine beeintr\u00e4chtigt die Nahrungsmittelproduktion. Pr\u00e4sident beruhigt: Polen ist autark"},"content":{"rendered":"<h5><b><span data-contrast=\"none\">Pr<\/span><\/b><b><span data-contrast=\"none\">\u00e4<\/span><\/b><b><span data-contrast=\"none\">sident Andrzej Duda erkl<\/span><\/b><b><span data-contrast=\"none\">\u00e4<\/span><\/b><b><span data-contrast=\"none\">rte, dass Polen in Bezug auf die Lebensmittelproduktion absolut autark sei. Er betonte, dass die polnische Landwirtschaft bisher in der Lage gewesen sei, den gesamten Bedarf unseres Marktes zu decken.<\/span><\/b><span data-ccp-props=\"{&quot;134233117&quot;:false,&quot;134233118&quot;:false,&quot;201341983&quot;:0,&quot;335551550&quot;:1,&quot;335551620&quot;:1,&quot;335559685&quot;:0,&quot;335559731&quot;:0,&quot;335559737&quot;:0,&quot;335559740&quot;:259}\">\u00a0<\/span><\/h5>\n<p><span data-contrast=\"none\">\u201eGl<\/span><span data-contrast=\"none\">\u00fc<\/span><span data-contrast=\"none\">cklicherweise haben wir in Polen eine sichere Situation. Wir befinden uns nicht im Krieg, wir nehmen nicht am Krieg teil, aber der Krieg wirkt sich nat<\/span><span data-contrast=\"none\">\u00fc<\/span><span data-contrast=\"none\">rlich auf uns aus\u201d, stellte der polnische Pr<\/span><span data-contrast=\"none\">\u00e4<\/span><span data-contrast=\"none\">sident vor der Sitzung des Rates f<\/span><span data-contrast=\"none\">\u00fc<\/span><span data-contrast=\"none\">r Landwirtschaft und l<\/span><span data-contrast=\"none\">\u00e4<\/span><span data-contrast=\"none\">ndliche Gebiete des Nationalen Entwicklungsrates fest. Er f<\/span><span data-contrast=\"none\">\u00fc<\/span><span data-contrast=\"none\">gte hinzu, dass die polnischen Importe aus der Ukraine und Russland nicht sehr hoch gewesen seien.<\/span><span data-ccp-props=\"{&quot;134233117&quot;:false,&quot;134233118&quot;:false,&quot;201341983&quot;:0,&quot;335551550&quot;:1,&quot;335551620&quot;:1,&quot;335559685&quot;:0,&quot;335559731&quot;:0,&quot;335559737&quot;:0,&quot;335559740&quot;:259}\">\u00a0<\/span><\/p>\n<p><span data-contrast=\"none\">\u201eWir sind ein Land, das sich in der gl<\/span><span data-contrast=\"none\">\u00fc<\/span><span data-contrast=\"none\">cklichen Lage befindet, da wir bei der Nahrungsmittelproduktion absolut autark sind. Unsere Landwirtschaft war bisher in der Lage, alle von unserem Markt erzeugten Bed<\/span><span data-contrast=\"none\">\u00fc<\/span><span data-contrast=\"none\">rfnisse zu befriedigen. Wir waren kein gro<\/span><span data-contrast=\"none\">\u00df<\/span><span data-contrast=\"none\">er Lebensmittelimporteur, sondern im Gegenteil ein gro<\/span><span data-contrast=\"none\">\u00df<\/span><span data-contrast=\"none\">er Lebensmittelexporteur. Wir k<\/span><span data-contrast=\"none\">\u00f6<\/span><span data-contrast=\"none\">nnen also auch sagen, dass unter diesem Gesichtspunkt die ausl<\/span><span data-contrast=\"none\">\u00e4<\/span><span data-contrast=\"none\">ndischen M<\/span><span data-contrast=\"none\">\u00e4<\/span><span data-contrast=\"none\">rkte f<\/span><span data-contrast=\"none\">\u00fc<\/span><span data-contrast=\"none\">r unsere Produkte noch aufnahmef<\/span><span data-contrast=\"none\">\u00e4<\/span><span data-contrast=\"none\">higer sein werden als bisher\u201d, betonte der Pr<\/span><span data-contrast=\"none\">\u00e4<\/span><span data-contrast=\"none\">sident.<\/span><span data-ccp-props=\"{&quot;134233117&quot;:false,&quot;134233118&quot;:false,&quot;201341983&quot;:0,&quot;335551550&quot;:1,&quot;335551620&quot;:1,&quot;335559685&quot;:0,&quot;335559731&quot;:0,&quot;335559737&quot;:0,&quot;335559740&quot;:259}\">\u00a0<\/span><\/p>\n<p><span data-contrast=\"none\">Andrzej Duda wies darauf hin, dass die polnischen Landwirte stark von den Folgen des Krieges in der Ukraine betroffen seien. Dies betreffe vor allem den Anstieg der Preise f<\/span><span data-contrast=\"none\">\u00fc<\/span><span data-contrast=\"none\">r Kunstd<\/span><span data-contrast=\"none\">\u00fc<\/span><span data-contrast=\"none\">nger, Pflanzenschutzmittel, Kraftstoffe und alle Energietr<\/span><span data-contrast=\"none\">\u00e4<\/span><span data-contrast=\"none\">ger.<\/span><span data-ccp-props=\"{&quot;134233117&quot;:false,&quot;134233118&quot;:false,&quot;201341983&quot;:0,&quot;335551550&quot;:1,&quot;335551620&quot;:1,&quot;335559685&quot;:0,&quot;335559731&quot;:0,&quot;335559737&quot;:0,&quot;335559740&quot;:259}\">\u00a0<\/span><\/p>\n<p><span data-contrast=\"none\">\u201eEs handelt sich also um eine sehr ernste Situation, die sich zweifellos nicht nur auf die Lage der polnischen Landwirtschaft auswirken wird, sondern zweifellos auch auf die Situation der polnischen l<\/span><span data-contrast=\"none\">\u00e4<\/span><span data-contrast=\"none\">ndlichen Gebiete im Allgemeinen\u201d, erkl<\/span><span data-contrast=\"none\">\u00e4<\/span><span data-contrast=\"none\">rte er.<\/span><span data-ccp-props=\"{&quot;134233117&quot;:false,&quot;134233118&quot;:false,&quot;201341983&quot;:0,&quot;335551550&quot;:1,&quot;335551620&quot;:1,&quot;335559685&quot;:0,&quot;335559731&quot;:0,&quot;335559737&quot;:0,&quot;335559740&quot;:259}\">\u00a0<\/span><\/p>\n<p><span data-contrast=\"none\">Nach Ansicht des Pr<\/span><span data-contrast=\"none\">\u00e4<\/span><span data-contrast=\"none\">sidenten m<\/span><span data-contrast=\"none\">\u00fc<\/span><span data-contrast=\"none\">sse man in der gegenw<\/span><span data-contrast=\"none\">\u00e4<\/span><span data-contrast=\"none\">rtigen Situation verantwortungsbewusst handeln. \u201eRegieren bedeute nicht nur, auf das zu reagieren, was bereits geschehen ist, sondern vor allem, nach vorne zu schauen und vorherzusagen, was als N<\/span><span data-contrast=\"none\">\u00e4<\/span><span data-contrast=\"none\">chstes passieren k<\/span><span data-contrast=\"none\">\u00f6<\/span><span data-contrast=\"none\">nnte, und verschiedene Abhilfema<\/span><span data-contrast=\"none\">\u00df<\/span><span data-contrast=\"none\">nahmen zu ergreifen\u201d, bewertete Andrzej Duda.\u00a0<\/span><span data-ccp-props=\"{&quot;134233117&quot;:false,&quot;134233118&quot;:false,&quot;201341983&quot;:0,&quot;335551550&quot;:1,&quot;335551620&quot;:1,&quot;335559685&quot;:0,&quot;335559731&quot;:0,&quot;335559737&quot;:0,&quot;335559740&quot;:259}\">\u00a0<\/span><\/p>\n<p><span data-contrast=\"none\">Arkadiusz S<\/span><span data-contrast=\"none\">\u0142<\/span><span data-contrast=\"none\">omczy<\/span><span data-contrast=\"none\">\u0144<\/span><span data-contrast=\"none\">ski<\/span><span data-ccp-props=\"{&quot;134233117&quot;:false,&quot;134233118&quot;:false,&quot;201341983&quot;:0,&quot;335551550&quot;:1,&quot;335551620&quot;:1,&quot;335559685&quot;:0,&quot;335559731&quot;:0,&quot;335559737&quot;:0,&quot;335559740&quot;:259}\">\u00a0<\/span><\/p>\n","protected":false},"excerpt":{"rendered":"<p>Pr\u00e4sident Andrzej Duda erkl\u00e4rte, dass Polen in Bezug auf die Lebensmittelproduktion absolut autark sei. Er betonte, dass die polnische Landwirtschaft bisher in der Lage gewesen sei, den gesamten Bedarf unseres&hellip;<\/p>\n","protected":false},"author":7,"featured_media":13488,"comment_status":"closed","ping_status":"open","sticky":false,"template":"","format":"standard","meta":{"_mi_skip_tracking":false,"footnotes":""},"categories":[53],"tags":[],"class_list":["post-13560","post","type-post","status-publish","format-standard","has-post-thumbnail","hentry","category-nachrichten"],"yoast_head":"<!-- This site is optimized with the Yoast SEO plugin v19.4 - https:\/\/yoast.com\/wordpress\/plugins\/seo\/ -->\n<title>Der Krieg in der Ukraine beeintr\u00e4chtigt die Nahrungsmittelproduktion. Pr\u00e4sident beruhigt: Polen ist autark - W\u00fcrde - DignityNews.eu<\/title>\n<meta name=\"robots\" content=\"index, follow, max-snippet:-1, max-image-preview:large, max-video-preview:-1\" \/>\n<link rel=\"canonical\" href=\"https:\/\/dignitynews.eu\/de\/der-krieg-in-der-ukraine-beeintraechtigt-die-nahrungsmittelproduktion-praesident-beruhigt-polen-ist-autark\/\" \/>\n<meta property=\"og:locale\" content=\"de_DE\" \/>\n<meta property=\"og:type\" content=\"article\" \/>\n<meta property=\"og:title\" content=\"Der Krieg in der Ukraine beeintr\u00e4chtigt die Nahrungsmittelproduktion. Pr\u00e4sident beruhigt: Polen ist autark - W\u00fcrde - DignityNews.eu\" \/>\n<meta property=\"og:description\" content=\"Pr\u00e4sident Andrzej Duda erkl\u00e4rte, dass Polen in Bezug auf die Lebensmittelproduktion absolut autark sei. Er betonte, dass die polnische Landwirtschaft bisher in der Lage gewesen sei, den gesamten Bedarf unseres&hellip;\" \/>\n<meta property=\"og:url\" content=\"https:\/\/dignitynews.eu\/de\/der-krieg-in-der-ukraine-beeintraechtigt-die-nahrungsmittelproduktion-praesident-beruhigt-polen-ist-autark\/\" \/>\n<meta property=\"og:site_name\" content=\"W\u00fcrde - DignityNews.eu\" \/>\n<meta property=\"article:published_time\" content=\"2022-04-06T08:58:14+00:00\" \/>\n<meta property=\"article:modified_time\" content=\"2022-04-06T14:33:19+00:00\" \/>\n<meta property=\"og:image\" content=\"https:\/\/dignitynews.eu\/wp-content\/uploads\/2022\/04\/Prezydent-wplyw-wojny-na-produkcje-zywnosci-fot.-Zbyszek-Kaczmarek-REPORTER.jpg\" \/>\n\t<meta property=\"og:image:width\" content=\"1500\" \/>\n\t<meta property=\"og:image:height\" content=\"998\" \/>\n\t<meta property=\"og:image:type\" content=\"image\/jpeg\" \/>\n<meta name=\"author\" content=\"Dignity News\" \/>\n<meta name=\"twitter:card\" content=\"summary_large_image\" \/>\n<meta name=\"twitter:label1\" content=\"Verfasst von\" \/>\n\t<meta name=\"twitter:data1\" content=\"Dignity News\" \/>\n\t<meta name=\"twitter:label2\" content=\"Gesch\u00e4tzte Lesezeit\" \/>\n\t<meta name=\"twitter:data2\" content=\"2\u00a0Minuten\" \/>\n<script type=\"application\/ld+json\" class=\"yoast-schema-graph\">{\"@context\":\"https:\/\/schema.org\",\"@graph\":[{\"@type\":\"WebSite\",\"@id\":\"https:\/\/dignitynews.eu\/pl\/#website\",\"url\":\"https:\/\/dignitynews.eu\/pl\/\",\"name\":\"W\u00fcrde - DignityNews.eu\",\"description\":\"\",\"potentialAction\":[{\"@type\":\"SearchAction\",\"target\":{\"@type\":\"EntryPoint\",\"urlTemplate\":\"https:\/\/dignitynews.eu\/pl\/?s={search_term_string}\"},\"query-input\":\"required name=search_term_string\"}],\"inLanguage\":\"de\"},{\"@type\":\"WebPage\",\"@id\":\"https:\/\/dignitynews.eu\/de\/der-krieg-in-der-ukraine-beeintraechtigt-die-nahrungsmittelproduktion-praesident-beruhigt-polen-ist-autark\/\",\"url\":\"https:\/\/dignitynews.eu\/de\/der-krieg-in-der-ukraine-beeintraechtigt-die-nahrungsmittelproduktion-praesident-beruhigt-polen-ist-autark\/\",\"name\":\"Der Krieg in der Ukraine beeintr\u00e4chtigt die Nahrungsmittelproduktion. Pr\u00e4sident beruhigt: Polen ist autark - W\u00fcrde - DignityNews.eu\",\"isPartOf\":{\"@id\":\"https:\/\/dignitynews.eu\/pl\/#website\"},\"datePublished\":\"2022-04-06T08:58:14+00:00\",\"dateModified\":\"2022-04-06T14:33:19+00:00\",\"author\":{\"@id\":\"https:\/\/dignitynews.eu\/pl\/#\/schema\/person\/0b62b762b8174802fabc81a3ecb1bfcb\"},\"breadcrumb\":{\"@id\":\"https:\/\/dignitynews.eu\/de\/der-krieg-in-der-ukraine-beeintraechtigt-die-nahrungsmittelproduktion-praesident-beruhigt-polen-ist-autark\/#breadcrumb\"},\"inLanguage\":\"de\",\"potentialAction\":[{\"@type\":\"ReadAction\",\"target\":[\"https:\/\/dignitynews.eu\/de\/der-krieg-in-der-ukraine-beeintraechtigt-die-nahrungsmittelproduktion-praesident-beruhigt-polen-ist-autark\/\"]}]},{\"@type\":\"BreadcrumbList\",\"@id\":\"https:\/\/dignitynews.eu\/de\/der-krieg-in-der-ukraine-beeintraechtigt-die-nahrungsmittelproduktion-praesident-beruhigt-polen-ist-autark\/#breadcrumb\",\"itemListElement\":[{\"@type\":\"ListItem\",\"position\":1,\"name\":\"Strona g\u0142\u00f3wna\",\"item\":\"https:\/\/dignitynews.eu\/de\/\"},{\"@type\":\"ListItem\",\"position\":2,\"name\":\"Der Krieg in der Ukraine beeintr\u00e4chtigt die Nahrungsmittelproduktion. Pr\u00e4sident beruhigt: Polen ist autark\"}]},{\"@type\":\"Person\",\"@id\":\"https:\/\/dignitynews.eu\/pl\/#\/schema\/person\/0b62b762b8174802fabc81a3ecb1bfcb\",\"name\":\"Dignity News\",\"image\":{\"@type\":\"ImageObject\",\"inLanguage\":\"de\",\"@id\":\"https:\/\/dignitynews.eu\/pl\/#\/schema\/person\/image\/\",\"url\":\"https:\/\/secure.gravatar.com\/avatar\/97963171a6d9108f8381bbefb1c6b150c445b6ddd9e3077b96c86cf5892c85dc?s=96&d=mm&r=g\",\"contentUrl\":\"https:\/\/secure.gravatar.com\/avatar\/97963171a6d9108f8381bbefb1c6b150c445b6ddd9e3077b96c86cf5892c85dc?s=96&d=mm&r=g\",\"caption\":\"Dignity News\"},\"url\":\"https:\/\/dignitynews.eu\/de\/author\/mikolaj-palade\/\"}]}<\/script>\n<!-- \/ Yoast SEO plugin. -->","yoast_head_json":{"title":"Der Krieg in der Ukraine beeintr\u00e4chtigt die Nahrungsmittelproduktion. Pr\u00e4sident beruhigt: Polen ist autark - W\u00fcrde - DignityNews.eu","robots":{"index":"index","follow":"follow","max-snippet":"max-snippet:-1","max-image-preview":"max-image-preview:large","max-video-preview":"max-video-preview:-1"},"canonical":"https:\/\/dignitynews.eu\/de\/der-krieg-in-der-ukraine-beeintraechtigt-die-nahrungsmittelproduktion-praesident-beruhigt-polen-ist-autark\/","og_locale":"de_DE","og_type":"article","og_title":"Der Krieg in der Ukraine beeintr\u00e4chtigt die Nahrungsmittelproduktion. Pr\u00e4sident beruhigt: Polen ist autark - W\u00fcrde - DignityNews.eu","og_description":"Pr\u00e4sident Andrzej Duda erkl\u00e4rte, dass Polen in Bezug auf die Lebensmittelproduktion absolut autark sei. Er betonte, dass die polnische Landwirtschaft bisher in der Lage gewesen sei, den gesamten Bedarf unseres&hellip;","og_url":"https:\/\/dignitynews.eu\/de\/der-krieg-in-der-ukraine-beeintraechtigt-die-nahrungsmittelproduktion-praesident-beruhigt-polen-ist-autark\/","og_site_name":"W\u00fcrde - DignityNews.eu","article_published_time":"2022-04-06T08:58:14+00:00","article_modified_time":"2022-04-06T14:33:19+00:00","og_image":[{"width":1500,"height":998,"url":"https:\/\/dignitynews.eu\/wp-content\/uploads\/2022\/04\/Prezydent-wplyw-wojny-na-produkcje-zywnosci-fot.-Zbyszek-Kaczmarek-REPORTER.jpg","type":"image\/jpeg"}],"author":"Dignity News","twitter_card":"summary_large_image","twitter_misc":{"Verfasst von":"Dignity News","Gesch\u00e4tzte Lesezeit":"2\u00a0Minuten"},"schema":{"@context":"https:\/\/schema.org","@graph":[{"@type":"WebSite","@id":"https:\/\/dignitynews.eu\/pl\/#website","url":"https:\/\/dignitynews.eu\/pl\/","name":"W\u00fcrde - DignityNews.eu","description":"","potentialAction":[{"@type":"SearchAction","target":{"@type":"EntryPoint","urlTemplate":"https:\/\/dignitynews.eu\/pl\/?s={search_term_string}"},"query-input":"required name=search_term_string"}],"inLanguage":"de"},{"@type":"WebPage","@id":"https:\/\/dignitynews.eu\/de\/der-krieg-in-der-ukraine-beeintraechtigt-die-nahrungsmittelproduktion-praesident-beruhigt-polen-ist-autark\/","url":"https:\/\/dignitynews.eu\/de\/der-krieg-in-der-ukraine-beeintraechtigt-die-nahrungsmittelproduktion-praesident-beruhigt-polen-ist-autark\/","name":"Der Krieg in der Ukraine beeintr\u00e4chtigt die Nahrungsmittelproduktion. Pr\u00e4sident beruhigt: Polen ist autark - W\u00fcrde - DignityNews.eu","isPartOf":{"@id":"https:\/\/dignitynews.eu\/pl\/#website"},"datePublished":"2022-04-06T08:58:14+00:00","dateModified":"2022-04-06T14:33:19+00:00","author":{"@id":"https:\/\/dignitynews.eu\/pl\/#\/schema\/person\/0b62b762b8174802fabc81a3ecb1bfcb"},"breadcrumb":{"@id":"https:\/\/dignitynews.eu\/de\/der-krieg-in-der-ukraine-beeintraechtigt-die-nahrungsmittelproduktion-praesident-beruhigt-polen-ist-autark\/#breadcrumb"},"inLanguage":"de","potentialAction":[{"@type":"ReadAction","target":["https:\/\/dignitynews.eu\/de\/der-krieg-in-der-ukraine-beeintraechtigt-die-nahrungsmittelproduktion-praesident-beruhigt-polen-ist-autark\/"]}]},{"@type":"BreadcrumbList","@id":"https:\/\/dignitynews.eu\/de\/der-krieg-in-der-ukraine-beeintraechtigt-die-nahrungsmittelproduktion-praesident-beruhigt-polen-ist-autark\/#breadcrumb","itemListElement":[{"@type":"ListItem","position":1,"name":"Strona g\u0142\u00f3wna","item":"https:\/\/dignitynews.eu\/de\/"},{"@type":"ListItem","position":2,"name":"Der Krieg in der Ukraine beeintr\u00e4chtigt die Nahrungsmittelproduktion. Pr\u00e4sident beruhigt: Polen ist autark"}]},{"@type":"Person","@id":"https:\/\/dignitynews.eu\/pl\/#\/schema\/person\/0b62b762b8174802fabc81a3ecb1bfcb","name":"Dignity News","image":{"@type":"ImageObject","inLanguage":"de","@id":"https:\/\/dignitynews.eu\/pl\/#\/schema\/person\/image\/","url":"https:\/\/secure.gravatar.com\/avatar\/97963171a6d9108f8381bbefb1c6b150c445b6ddd9e3077b96c86cf5892c85dc?s=96&d=mm&r=g","contentUrl":"https:\/\/secure.gravatar.com\/avatar\/97963171a6d9108f8381bbefb1c6b150c445b6ddd9e3077b96c86cf5892c85dc?s=96&d=mm&r=g","caption":"Dignity News"},"url":"https:\/\/dignitynews.eu\/de\/author\/mikolaj-palade\/"}]}},"_links":{"self":[{"href":"https:\/\/dignitynews.eu\/de\/wp-json\/wp\/v2\/posts\/13560","targetHints":{"allow":["GET"]}}],"collection":[{"href":"https:\/\/dignitynews.eu\/de\/wp-json\/wp\/v2\/posts"}],"about":[{"href":"https:\/\/dignitynews.eu\/de\/wp-json\/wp\/v2\/types\/post"}],"author":[{"embeddable":true,"href":"https:\/\/dignitynews.eu\/de\/wp-json\/wp\/v2\/users\/7"}],"replies":[{"embeddable":true,"href":"https:\/\/dignitynews.eu\/de\/wp-json\/wp\/v2\/comments?post=13560"}],"version-history":[{"count":1,"href":"https:\/\/dignitynews.eu\/de\/wp-json\/wp\/v2\/posts\/13560\/revisions"}],"predecessor-version":[{"id":13561,"href":"https:\/\/dignitynews.eu\/de\/wp-json\/wp\/v2\/posts\/13560\/revisions\/13561"}],"wp:featuredmedia":[{"embeddable":true,"href":"https:\/\/dignitynews.eu\/de\/wp-json\/wp\/v2\/media\/13488"}],"wp:attachment":[{"href":"https:\/\/dignitynews.eu\/de\/wp-json\/wp\/v2\/media?parent=13560"}],"wp:term":[{"taxonomy":"category","embeddable":true,"href":"https:\/\/dignitynews.eu\/de\/wp-json\/wp\/v2\/categories?post=13560"},{"taxonomy":"post_tag","embeddable":true,"href":"https:\/\/dignitynews.eu\/de\/wp-json\/wp\/v2\/tags?post=13560"}],"curies":[{"name":"wp","href":"https:\/\/api.w.org\/{rel}","templated":true}]}}