{"id":13335,"date":"2022-04-05T09:52:19","date_gmt":"2022-04-05T07:52:19","guid":{"rendered":"https:\/\/dignitynews.eu\/?p=13335"},"modified":"2022-04-05T15:09:54","modified_gmt":"2022-04-05T13:09:54","slug":"polens-kulturminister-glinski-dies-ist-keine-zeit-fuer-russisches-ballett-und-schon-gar-nicht-fuer-das-alexandrow-ensemble","status":"publish","type":"post","link":"https:\/\/dignitynews.eu\/de\/polens-kulturminister-glinski-dies-ist-keine-zeit-fuer-russisches-ballett-und-schon-gar-nicht-fuer-das-alexandrow-ensemble\/","title":{"rendered":"Polens Kulturminister Gli\u0144ski: Dies ist keine Zeit f\u00fcr russisches Ballett und schon gar nicht f\u00fcr das Alexandrow-Ensemble"},"content":{"rendered":"<h5><b><span data-contrast=\"none\">Anl<\/span><\/b><b><span data-contrast=\"none\">\u00e4<\/span><\/b><b><span data-contrast=\"none\">sslich einer Tagung des EU-<\/span><\/b><b><span data-contrast=\"none\">Rates f<\/span><\/b><b><span data-contrast=\"none\">\u00fc<\/span><\/b><b><span data-contrast=\"none\">r Bildung, Jugend, Kultur und Sport in Luxemburg forderte der polnische stellvertretende Ministerpr<\/span><\/b><b><span data-contrast=\"none\">\u00e4<\/span><\/b><b><span data-contrast=\"none\">sident und Minister f<\/span><\/b><b><span data-contrast=\"none\">\u00fc<\/span><\/b><b><span data-contrast=\"none\">r Kultur und nationales Erbe, Piotr Gli<\/span><\/b><b><span data-contrast=\"none\">\u0144<\/span><\/b><b><span data-contrast=\"none\">ski, die Entfernung der klassischen und zeitgen<\/span><\/b><b><span data-contrast=\"none\">\u00f6<\/span><\/b><b><span data-contrast=\"none\">ssischen russischen Kultur aus dem <\/span><\/b><b><span data-contrast=\"none\">\u00f6<\/span><\/b><b><span data-contrast=\"none\">ffentlichen Raum.\u00a0<\/span><\/b><span data-ccp-props=\"{&quot;134233117&quot;:false,&quot;134233118&quot;:false,&quot;201341983&quot;:0,&quot;335551550&quot;:1,&quot;335551620&quot;:1,&quot;335559685&quot;:0,&quot;335559731&quot;:0,&quot;335559737&quot;:0,&quot;335559740&quot;:259}\">\u00a0<\/span><\/h5>\n<p><span data-contrast=\"none\">\u201eJetzt ist nicht die Zeit f<\/span><span data-contrast=\"none\">\u00fc<\/span><span data-contrast=\"none\">r russisches Ballett, schon gar nicht f<\/span><span data-contrast=\"none\">\u00fc<\/span><span data-contrast=\"none\">r d<\/span><span data-contrast=\"none\">as Alexandrow-Ensemble<\/span><span data-contrast=\"none\">. Jetzt ist nicht die Zeit f<\/span><span data-contrast=\"none\">\u00fc<\/span><span data-contrast=\"none\">r Tschechow oder gar Puschkin. Die russische Kultur sollte aus dem <\/span><span data-contrast=\"none\">\u00f6<\/span><span data-contrast=\"none\">ffentlichen Raum verschwinden\u201d, sagte Minister Gli<\/span><span data-contrast=\"none\">\u0144<\/span><span data-contrast=\"none\">ski in einem inoffiziellen Gespr<\/span><span data-contrast=\"none\">\u00e4<\/span><span data-contrast=\"none\">ch.<\/span><span data-ccp-props=\"{&quot;134233117&quot;:false,&quot;134233118&quot;:false,&quot;201341983&quot;:0,&quot;335551550&quot;:1,&quot;335551620&quot;:1,&quot;335559685&quot;:0,&quot;335559731&quot;:0,&quot;335559737&quot;:0,&quot;335559740&quot;:259}\">\u00a0<\/span><\/p>\n<p><span data-contrast=\"none\">Er wies zwar auf den bedeutenden Beitrag der Russischen F<\/span><span data-contrast=\"none\">\u00f6<\/span><span data-contrast=\"none\">deration zur Kultur hin, behauptete jedoch, dass diese Kultur heute mit Hindernissen bei der Popularisierung k<\/span><span data-contrast=\"none\">\u00e4<\/span><span data-contrast=\"none\">mpfen sollte.<\/span><span data-ccp-props=\"{&quot;134233117&quot;:false,&quot;134233118&quot;:false,&quot;201341983&quot;:0,&quot;335551550&quot;:1,&quot;335551620&quot;:1,&quot;335559685&quot;:0,&quot;335559731&quot;:0,&quot;335559737&quot;:0,&quot;335559740&quot;:259}\">\u00a0<\/span><\/p>\n<p><span data-contrast=\"none\">Nach Ansicht des stellvertretenden Ministerpr<\/span><span data-contrast=\"none\">\u00e4<\/span><span data-contrast=\"none\">sidenten <\/span><span data-contrast=\"none\">Gli<\/span><span data-contrast=\"none\">\u0144<\/span><span data-contrast=\"none\">ski sei es notwendig, die Ma<\/span><span data-contrast=\"none\">\u00df<\/span><span data-contrast=\"none\">nahmen aller EU-Mitgliedstaaten zur Unterst<\/span><span data-contrast=\"none\">\u00fc<\/span><span data-contrast=\"none\">tzung der Ukrainer zu verst<\/span><span data-contrast=\"none\">\u00e4<\/span><span data-contrast=\"none\">rken und kulturelle Sanktionen in den Beziehungen zur Russischen F<\/span><span data-contrast=\"none\">\u00f6<\/span><span data-contrast=\"none\">deration einzuf<\/span><span data-contrast=\"none\">\u00fc<\/span><span data-contrast=\"none\">hren. In diesem Zusammenhang forderte das Ministerium f<\/span><span data-contrast=\"none\">\u00fc<\/span><span data-contrast=\"none\">r Kultur und nationales Erbe konkrete Ma<\/span><span data-contrast=\"none\">\u00df<\/span><span data-contrast=\"none\">nahmen, insbesondere die Aussetzung der staatlichen Kulturbeziehungen zu Moskau.<\/span><span data-ccp-props=\"{&quot;134233117&quot;:false,&quot;134233118&quot;:false,&quot;201341983&quot;:0,&quot;335551550&quot;:1,&quot;335551620&quot;:1,&quot;335559685&quot;:0,&quot;335559731&quot;:0,&quot;335559737&quot;:0,&quot;335559740&quot;:259}\">\u00a0<\/span><\/p>\n<p><span data-contrast=\"none\">In seiner Rede vor dem Rat vertrat der stellvertretende Ministerpr<\/span><span data-contrast=\"none\">\u00e4<\/span><span data-contrast=\"none\">sident Gli<\/span><span data-contrast=\"none\">\u0144<\/span><span data-contrast=\"none\">ski die Auffassung, dass es notwendig sei, <\/span><span data-contrast=\"none\">\u00fc<\/span><span data-contrast=\"none\">ber die kulturellen Grundlagen des heutigen Europas zu debattieren und diese zu revidieren, um zu verhindern, dass wir uns an die gegenw<\/span><span data-contrast=\"none\">\u00e4<\/span><span data-contrast=\"none\">rtige Situation gew<\/span><span data-contrast=\"none\">\u00f6<\/span><span data-contrast=\"none\">hnen. Er erinnerte daran, dass Polen einen gemeinsamen Standpunkt der EU-Kulturminister zur Verh<\/span><span data-contrast=\"none\">\u00e4<\/span><span data-contrast=\"none\">ngung echter Sanktionen gegen Russland im Bereich der Kultur vorgeschlagen habe. Diese Position sei bisher von sieben L<\/span><span data-contrast=\"none\">\u00e4<\/span><span data-contrast=\"none\">ndern unterst<\/span><span data-contrast=\"none\">\u00fc<\/span><span data-contrast=\"none\">tzt worden.<\/span><span data-ccp-props=\"{&quot;134233117&quot;:false,&quot;134233118&quot;:false,&quot;201341983&quot;:0,&quot;335551550&quot;:1,&quot;335551620&quot;:1,&quot;335559685&quot;:0,&quot;335559731&quot;:0,&quot;335559737&quot;:0,&quot;335559740&quot;:259}\">\u00a0<\/span><\/p>\n<p><span data-contrast=\"none\">Adrian Andrzejewski<\/span><span data-ccp-props=\"{&quot;134233117&quot;:false,&quot;134233118&quot;:false,&quot;201341983&quot;:0,&quot;335551550&quot;:1,&quot;335551620&quot;:1,&quot;335559685&quot;:0,&quot;335559731&quot;:0,&quot;335559737&quot;:0,&quot;335559740&quot;:259}\">\u00a0<\/span><\/p>\n","protected":false},"excerpt":{"rendered":"<p>Anl\u00e4sslich einer Tagung des EU-Rates f\u00fcr Bildung, Jugend, Kultur und Sport in Luxemburg forderte der polnische stellvertretende Ministerpr\u00e4sident und Minister f\u00fcr Kultur und nationales Erbe, Piotr Gli\u0144ski, die Entfernung der&hellip;<\/p>\n","protected":false},"author":7,"featured_media":13262,"comment_status":"closed","ping_status":"open","sticky":false,"template":"","format":"standard","meta":{"_mi_skip_tracking":false,"footnotes":""},"categories":[53],"tags":[],"class_list":["post-13335","post","type-post","status-publish","format-standard","has-post-thumbnail","hentry","category-nachrichten"],"yoast_head":"<!-- This site is optimized with the Yoast SEO plugin v19.4 - https:\/\/yoast.com\/wordpress\/plugins\/seo\/ -->\n<title>Polens Kulturminister Gli\u0144ski: Dies ist keine Zeit f\u00fcr russisches Ballett und schon gar nicht f\u00fcr das Alexandrow-Ensemble - W\u00fcrde - DignityNews.eu<\/title>\n<meta name=\"robots\" content=\"index, follow, max-snippet:-1, max-image-preview:large, max-video-preview:-1\" \/>\n<link rel=\"canonical\" href=\"https:\/\/dignitynews.eu\/de\/polens-kulturminister-glinski-dies-ist-keine-zeit-fuer-russisches-ballett-und-schon-gar-nicht-fuer-das-alexandrow-ensemble\/\" \/>\n<meta property=\"og:locale\" content=\"de_DE\" \/>\n<meta property=\"og:type\" content=\"article\" \/>\n<meta property=\"og:title\" content=\"Polens Kulturminister Gli\u0144ski: Dies ist keine Zeit f\u00fcr russisches Ballett und schon gar nicht f\u00fcr das Alexandrow-Ensemble - W\u00fcrde - DignityNews.eu\" \/>\n<meta property=\"og:description\" content=\"Anl\u00e4sslich einer Tagung des EU-Rates f\u00fcr Bildung, Jugend, Kultur und Sport in Luxemburg forderte der polnische stellvertretende Ministerpr\u00e4sident und Minister f\u00fcr Kultur und nationales Erbe, Piotr Gli\u0144ski, die Entfernung der&hellip;\" \/>\n<meta property=\"og:url\" content=\"https:\/\/dignitynews.eu\/de\/polens-kulturminister-glinski-dies-ist-keine-zeit-fuer-russisches-ballett-und-schon-gar-nicht-fuer-das-alexandrow-ensemble\/\" \/>\n<meta property=\"og:site_name\" content=\"W\u00fcrde - DignityNews.eu\" \/>\n<meta property=\"article:published_time\" content=\"2022-04-05T07:52:19+00:00\" \/>\n<meta property=\"article:modified_time\" content=\"2022-04-05T13:09:54+00:00\" \/>\n<meta property=\"og:image\" content=\"https:\/\/dignitynews.eu\/wp-content\/uploads\/2022\/04\/Glinski-Luksemburg-fot.-MKiDN.jpg\" \/>\n\t<meta property=\"og:image:width\" content=\"2000\" \/>\n\t<meta property=\"og:image:height\" content=\"1333\" \/>\n\t<meta property=\"og:image:type\" content=\"image\/jpeg\" \/>\n<meta name=\"author\" content=\"Dignity News\" \/>\n<meta name=\"twitter:card\" content=\"summary_large_image\" \/>\n<meta name=\"twitter:label1\" content=\"Verfasst von\" \/>\n\t<meta name=\"twitter:data1\" content=\"Dignity News\" \/>\n\t<meta name=\"twitter:label2\" content=\"Gesch\u00e4tzte Lesezeit\" \/>\n\t<meta name=\"twitter:data2\" content=\"1\u00a0Minute\" \/>\n<script type=\"application\/ld+json\" class=\"yoast-schema-graph\">{\"@context\":\"https:\/\/schema.org\",\"@graph\":[{\"@type\":\"WebSite\",\"@id\":\"https:\/\/dignitynews.eu\/pl\/#website\",\"url\":\"https:\/\/dignitynews.eu\/pl\/\",\"name\":\"W\u00fcrde - DignityNews.eu\",\"description\":\"\",\"potentialAction\":[{\"@type\":\"SearchAction\",\"target\":{\"@type\":\"EntryPoint\",\"urlTemplate\":\"https:\/\/dignitynews.eu\/pl\/?s={search_term_string}\"},\"query-input\":\"required name=search_term_string\"}],\"inLanguage\":\"de\"},{\"@type\":\"WebPage\",\"@id\":\"https:\/\/dignitynews.eu\/de\/polens-kulturminister-glinski-dies-ist-keine-zeit-fuer-russisches-ballett-und-schon-gar-nicht-fuer-das-alexandrow-ensemble\/\",\"url\":\"https:\/\/dignitynews.eu\/de\/polens-kulturminister-glinski-dies-ist-keine-zeit-fuer-russisches-ballett-und-schon-gar-nicht-fuer-das-alexandrow-ensemble\/\",\"name\":\"Polens Kulturminister Gli\u0144ski: Dies ist keine Zeit f\u00fcr russisches Ballett und schon gar nicht f\u00fcr das Alexandrow-Ensemble - W\u00fcrde - DignityNews.eu\",\"isPartOf\":{\"@id\":\"https:\/\/dignitynews.eu\/pl\/#website\"},\"datePublished\":\"2022-04-05T07:52:19+00:00\",\"dateModified\":\"2022-04-05T13:09:54+00:00\",\"author\":{\"@id\":\"https:\/\/dignitynews.eu\/pl\/#\/schema\/person\/0b62b762b8174802fabc81a3ecb1bfcb\"},\"breadcrumb\":{\"@id\":\"https:\/\/dignitynews.eu\/de\/polens-kulturminister-glinski-dies-ist-keine-zeit-fuer-russisches-ballett-und-schon-gar-nicht-fuer-das-alexandrow-ensemble\/#breadcrumb\"},\"inLanguage\":\"de\",\"potentialAction\":[{\"@type\":\"ReadAction\",\"target\":[\"https:\/\/dignitynews.eu\/de\/polens-kulturminister-glinski-dies-ist-keine-zeit-fuer-russisches-ballett-und-schon-gar-nicht-fuer-das-alexandrow-ensemble\/\"]}]},{\"@type\":\"BreadcrumbList\",\"@id\":\"https:\/\/dignitynews.eu\/de\/polens-kulturminister-glinski-dies-ist-keine-zeit-fuer-russisches-ballett-und-schon-gar-nicht-fuer-das-alexandrow-ensemble\/#breadcrumb\",\"itemListElement\":[{\"@type\":\"ListItem\",\"position\":1,\"name\":\"Strona g\u0142\u00f3wna\",\"item\":\"https:\/\/dignitynews.eu\/de\/\"},{\"@type\":\"ListItem\",\"position\":2,\"name\":\"Polens Kulturminister Gli\u0144ski: Dies ist keine Zeit f\u00fcr russisches Ballett und schon gar nicht f\u00fcr das Alexandrow-Ensemble\"}]},{\"@type\":\"Person\",\"@id\":\"https:\/\/dignitynews.eu\/pl\/#\/schema\/person\/0b62b762b8174802fabc81a3ecb1bfcb\",\"name\":\"Dignity News\",\"image\":{\"@type\":\"ImageObject\",\"inLanguage\":\"de\",\"@id\":\"https:\/\/dignitynews.eu\/pl\/#\/schema\/person\/image\/\",\"url\":\"https:\/\/secure.gravatar.com\/avatar\/97963171a6d9108f8381bbefb1c6b150c445b6ddd9e3077b96c86cf5892c85dc?s=96&d=mm&r=g\",\"contentUrl\":\"https:\/\/secure.gravatar.com\/avatar\/97963171a6d9108f8381bbefb1c6b150c445b6ddd9e3077b96c86cf5892c85dc?s=96&d=mm&r=g\",\"caption\":\"Dignity News\"},\"url\":\"https:\/\/dignitynews.eu\/de\/author\/mikolaj-palade\/\"}]}<\/script>\n<!-- \/ Yoast SEO plugin. -->","yoast_head_json":{"title":"Polens Kulturminister Gli\u0144ski: Dies ist keine Zeit f\u00fcr russisches Ballett und schon gar nicht f\u00fcr das Alexandrow-Ensemble - W\u00fcrde - DignityNews.eu","robots":{"index":"index","follow":"follow","max-snippet":"max-snippet:-1","max-image-preview":"max-image-preview:large","max-video-preview":"max-video-preview:-1"},"canonical":"https:\/\/dignitynews.eu\/de\/polens-kulturminister-glinski-dies-ist-keine-zeit-fuer-russisches-ballett-und-schon-gar-nicht-fuer-das-alexandrow-ensemble\/","og_locale":"de_DE","og_type":"article","og_title":"Polens Kulturminister Gli\u0144ski: Dies ist keine Zeit f\u00fcr russisches Ballett und schon gar nicht f\u00fcr das Alexandrow-Ensemble - W\u00fcrde - DignityNews.eu","og_description":"Anl\u00e4sslich einer Tagung des EU-Rates f\u00fcr Bildung, Jugend, Kultur und Sport in Luxemburg forderte der polnische stellvertretende Ministerpr\u00e4sident und Minister f\u00fcr Kultur und nationales Erbe, Piotr Gli\u0144ski, die Entfernung der&hellip;","og_url":"https:\/\/dignitynews.eu\/de\/polens-kulturminister-glinski-dies-ist-keine-zeit-fuer-russisches-ballett-und-schon-gar-nicht-fuer-das-alexandrow-ensemble\/","og_site_name":"W\u00fcrde - DignityNews.eu","article_published_time":"2022-04-05T07:52:19+00:00","article_modified_time":"2022-04-05T13:09:54+00:00","og_image":[{"width":2000,"height":1333,"url":"https:\/\/dignitynews.eu\/wp-content\/uploads\/2022\/04\/Glinski-Luksemburg-fot.-MKiDN.jpg","type":"image\/jpeg"}],"author":"Dignity News","twitter_card":"summary_large_image","twitter_misc":{"Verfasst von":"Dignity News","Gesch\u00e4tzte Lesezeit":"1\u00a0Minute"},"schema":{"@context":"https:\/\/schema.org","@graph":[{"@type":"WebSite","@id":"https:\/\/dignitynews.eu\/pl\/#website","url":"https:\/\/dignitynews.eu\/pl\/","name":"W\u00fcrde - DignityNews.eu","description":"","potentialAction":[{"@type":"SearchAction","target":{"@type":"EntryPoint","urlTemplate":"https:\/\/dignitynews.eu\/pl\/?s={search_term_string}"},"query-input":"required name=search_term_string"}],"inLanguage":"de"},{"@type":"WebPage","@id":"https:\/\/dignitynews.eu\/de\/polens-kulturminister-glinski-dies-ist-keine-zeit-fuer-russisches-ballett-und-schon-gar-nicht-fuer-das-alexandrow-ensemble\/","url":"https:\/\/dignitynews.eu\/de\/polens-kulturminister-glinski-dies-ist-keine-zeit-fuer-russisches-ballett-und-schon-gar-nicht-fuer-das-alexandrow-ensemble\/","name":"Polens Kulturminister Gli\u0144ski: Dies ist keine Zeit f\u00fcr russisches Ballett und schon gar nicht f\u00fcr das Alexandrow-Ensemble - W\u00fcrde - DignityNews.eu","isPartOf":{"@id":"https:\/\/dignitynews.eu\/pl\/#website"},"datePublished":"2022-04-05T07:52:19+00:00","dateModified":"2022-04-05T13:09:54+00:00","author":{"@id":"https:\/\/dignitynews.eu\/pl\/#\/schema\/person\/0b62b762b8174802fabc81a3ecb1bfcb"},"breadcrumb":{"@id":"https:\/\/dignitynews.eu\/de\/polens-kulturminister-glinski-dies-ist-keine-zeit-fuer-russisches-ballett-und-schon-gar-nicht-fuer-das-alexandrow-ensemble\/#breadcrumb"},"inLanguage":"de","potentialAction":[{"@type":"ReadAction","target":["https:\/\/dignitynews.eu\/de\/polens-kulturminister-glinski-dies-ist-keine-zeit-fuer-russisches-ballett-und-schon-gar-nicht-fuer-das-alexandrow-ensemble\/"]}]},{"@type":"BreadcrumbList","@id":"https:\/\/dignitynews.eu\/de\/polens-kulturminister-glinski-dies-ist-keine-zeit-fuer-russisches-ballett-und-schon-gar-nicht-fuer-das-alexandrow-ensemble\/#breadcrumb","itemListElement":[{"@type":"ListItem","position":1,"name":"Strona g\u0142\u00f3wna","item":"https:\/\/dignitynews.eu\/de\/"},{"@type":"ListItem","position":2,"name":"Polens Kulturminister Gli\u0144ski: Dies ist keine Zeit f\u00fcr russisches Ballett und schon gar nicht f\u00fcr das Alexandrow-Ensemble"}]},{"@type":"Person","@id":"https:\/\/dignitynews.eu\/pl\/#\/schema\/person\/0b62b762b8174802fabc81a3ecb1bfcb","name":"Dignity News","image":{"@type":"ImageObject","inLanguage":"de","@id":"https:\/\/dignitynews.eu\/pl\/#\/schema\/person\/image\/","url":"https:\/\/secure.gravatar.com\/avatar\/97963171a6d9108f8381bbefb1c6b150c445b6ddd9e3077b96c86cf5892c85dc?s=96&d=mm&r=g","contentUrl":"https:\/\/secure.gravatar.com\/avatar\/97963171a6d9108f8381bbefb1c6b150c445b6ddd9e3077b96c86cf5892c85dc?s=96&d=mm&r=g","caption":"Dignity News"},"url":"https:\/\/dignitynews.eu\/de\/author\/mikolaj-palade\/"}]}},"_links":{"self":[{"href":"https:\/\/dignitynews.eu\/de\/wp-json\/wp\/v2\/posts\/13335","targetHints":{"allow":["GET"]}}],"collection":[{"href":"https:\/\/dignitynews.eu\/de\/wp-json\/wp\/v2\/posts"}],"about":[{"href":"https:\/\/dignitynews.eu\/de\/wp-json\/wp\/v2\/types\/post"}],"author":[{"embeddable":true,"href":"https:\/\/dignitynews.eu\/de\/wp-json\/wp\/v2\/users\/7"}],"replies":[{"embeddable":true,"href":"https:\/\/dignitynews.eu\/de\/wp-json\/wp\/v2\/comments?post=13335"}],"version-history":[{"count":1,"href":"https:\/\/dignitynews.eu\/de\/wp-json\/wp\/v2\/posts\/13335\/revisions"}],"predecessor-version":[{"id":13336,"href":"https:\/\/dignitynews.eu\/de\/wp-json\/wp\/v2\/posts\/13335\/revisions\/13336"}],"wp:featuredmedia":[{"embeddable":true,"href":"https:\/\/dignitynews.eu\/de\/wp-json\/wp\/v2\/media\/13262"}],"wp:attachment":[{"href":"https:\/\/dignitynews.eu\/de\/wp-json\/wp\/v2\/media?parent=13335"}],"wp:term":[{"taxonomy":"category","embeddable":true,"href":"https:\/\/dignitynews.eu\/de\/wp-json\/wp\/v2\/categories?post=13335"},{"taxonomy":"post_tag","embeddable":true,"href":"https:\/\/dignitynews.eu\/de\/wp-json\/wp\/v2\/tags?post=13335"}],"curies":[{"name":"wp","href":"https:\/\/api.w.org\/{rel}","templated":true}]}}