{"id":13226,"date":"2022-04-04T22:00:53","date_gmt":"2022-04-04T20:00:53","guid":{"rendered":"https:\/\/dignitynews.eu\/?p=13226"},"modified":"2022-04-04T22:00:53","modified_gmt":"2022-04-04T20:00:53","slug":"premierminister-und-praesident-zu-butscha-verbrechen-das-ist-voelkermord-die-verbrecher-muessen-vor-gericht-gestellt-werden","status":"publish","type":"post","link":"https:\/\/dignitynews.eu\/de\/premierminister-und-praesident-zu-butscha-verbrechen-das-ist-voelkermord-die-verbrecher-muessen-vor-gericht-gestellt-werden\/","title":{"rendered":"Premierminister und Pr\u00e4sident zu Butscha-Verbrechen \u2014 das ist V\u00f6lkermord. Die Verbrecher m\u00fcssen vor Gericht gestellt werden"},"content":{"rendered":"<h5><b>Premierminister Mateusz Morawiecki hat sich zur Lage in der Stadt Butscha ge\u00e4u\u00dfert, wo die Ukrainer nach dem R\u00fcckzug der Russen mehrere hundert ermordete Zivilisten und ein Massengrab gefunden haben. \u201eDie von russischen Soldaten begangenen blutigen Massaker verdienen es, beim Namen genannt zu werden: Es handelt sich um V\u00f6lkermord, und dieses Verbrechen muss als V\u00f6lkermord verurteilt werden\u201d betonte der polnische Regierungschef auf einer Pressekonferenz.<\/b><\/h5>\n<p><span style=\"font-weight: 400;\">Fotos und Berichte aus Butscha wurden auch von Pr\u00e4sident Andrzej Duda kommentiert. \u201eVerbrecher m\u00fcssen als Verbrecher bezeichnet, vor Gericht gestellt und verurteilt werden. Die Fotos von Butscha widersprechen der Vorstellung, dass ein Kompromiss um jeden Preis gesucht werden muss. In Wirklichkeit brauchen die Verteidiger der Ukraine vor allem drei Dinge: Waffen, Waffen und nochmals Waffen\u201d, schrieb der Pr\u00e4sident auf Twitter.<\/span><\/p>\n<p><span style=\"font-weight: 400;\">Ukrainische Soldaten fanden in Butscha zahlreiche Leichen ermordeter Zivilisten und entdeckten ein Massengrab auf dem Gel\u00e4nde einer Kirche. Einigen der Opfer waren die H\u00e4nde auf dem R\u00fccken gefesselt und sie hatten Schusswunden im Hinterkopf.<\/span><\/p>\n<p><span style=\"font-weight: 400;\">\u201eNach 40 Tagen russischer Aggression gegen die Ukraine zweifelt niemand mehr daran, dass wir es mit dem puren B\u00f6sen zu tun haben. Unser Aufschrei sollte noch lauter sein. Die Russen haben au\u00dfergew\u00f6hnliche Verbrechen begangen, Verbrechen des V\u00f6lkermords\u201d, sagte Mateusz Morawiecki.<\/span><\/p>\n<p><span style=\"font-weight: 400;\">Der Premierminister forderte die Staats- und Regierungschefs der Europ\u00e4ischen Union zu entschlossenem Handeln auf. Er teilte auch mit, dass er die Einsetzung einer internationalen Kommission zur Untersuchung des V\u00f6lkermordes in den St\u00e4dten der Ukraine vorschlage.\u00a0<\/span><\/p>\n<p><span style=\"font-weight: 400;\">\u201eWir schlagen die Einsetzung einer internationalen Kommission zur Untersuchung dieses Verbrechens vor. Sie wird aus \u00c4rzten, Anw\u00e4lten und Sachverst\u00e4ndigen bestehen. Wir brauchen eine solche internationale Kommission, wenn wir die Wahrheit \u00fcber das Ausma\u00df der russischen Verbrechen erfahren wollen\u201d, f\u00fcgte er hinzu.<\/span><\/p>\n<p><span style=\"font-weight: 400;\">\u201eHeute sehen wir, dass eine Landkarte des V\u00f6lkermords im 21. Jahrhundert entsteht. Die Schlussfolgerung ist, dass Russland heute bereits ein totalit\u00e4r-faschistischer Staat ist. Wir m\u00fcssen es gemeinsam mit der NATO und der Europ\u00e4ischen Union stoppen. Von den verh\u00e4ngten Sanktionen h\u00e4ngt es ab, ob es gelingt, Putins Kriegsmaschinerie zu stoppen\u201d, erkl\u00e4rte der Premierminister.<\/span><\/p>\n<p><span style=\"font-weight: 400;\">Arkadiusz S\u0142omczy\u0144ski<\/span><\/p>\n","protected":false},"excerpt":{"rendered":"<p>Premierminister Mateusz Morawiecki hat sich zur Lage in der Stadt Butscha ge\u00e4u\u00dfert, wo die Ukrainer nach dem R\u00fcckzug der Russen mehrere hundert ermordete Zivilisten und ein Massengrab gefunden haben. \u201eDie&hellip;<\/p>\n","protected":false},"author":3,"featured_media":13069,"comment_status":"closed","ping_status":"open","sticky":false,"template":"","format":"standard","meta":{"_mi_skip_tracking":false,"footnotes":""},"categories":[53],"tags":[],"class_list":["post-13226","post","type-post","status-publish","format-standard","has-post-thumbnail","hentry","category-nachrichten"],"yoast_head":"<!-- This site is optimized with the Yoast SEO plugin v19.4 - https:\/\/yoast.com\/wordpress\/plugins\/seo\/ -->\n<title>Premierminister und Pr\u00e4sident zu Butscha-Verbrechen \u2014 das ist V\u00f6lkermord. Die Verbrecher m\u00fcssen vor Gericht gestellt werden - W\u00fcrde - DignityNews.eu<\/title>\n<meta name=\"robots\" content=\"index, follow, max-snippet:-1, max-image-preview:large, max-video-preview:-1\" \/>\n<link rel=\"canonical\" href=\"https:\/\/dignitynews.eu\/de\/premierminister-und-praesident-zu-butscha-verbrechen-das-ist-voelkermord-die-verbrecher-muessen-vor-gericht-gestellt-werden\/\" \/>\n<meta property=\"og:locale\" content=\"de_DE\" \/>\n<meta property=\"og:type\" content=\"article\" \/>\n<meta property=\"og:title\" content=\"Premierminister und Pr\u00e4sident zu Butscha-Verbrechen \u2014 das ist V\u00f6lkermord. Die Verbrecher m\u00fcssen vor Gericht gestellt werden - W\u00fcrde - DignityNews.eu\" \/>\n<meta property=\"og:description\" content=\"Premierminister Mateusz Morawiecki hat sich zur Lage in der Stadt Butscha ge\u00e4u\u00dfert, wo die Ukrainer nach dem R\u00fcckzug der Russen mehrere hundert ermordete Zivilisten und ein Massengrab gefunden haben. \u201eDie&hellip;\" \/>\n<meta property=\"og:url\" content=\"https:\/\/dignitynews.eu\/de\/premierminister-und-praesident-zu-butscha-verbrechen-das-ist-voelkermord-die-verbrecher-muessen-vor-gericht-gestellt-werden\/\" \/>\n<meta property=\"og:site_name\" content=\"W\u00fcrde - DignityNews.eu\" \/>\n<meta property=\"article:published_time\" content=\"2022-04-04T20:00:53+00:00\" \/>\n<meta property=\"og:image\" content=\"https:\/\/dignitynews.eu\/wp-content\/uploads\/2022\/04\/Zbrodnie-w-Buczy-\u2013-fot.-AP-Associated-Press-East-News.jpg\" \/>\n\t<meta property=\"og:image:width\" content=\"1500\" \/>\n\t<meta property=\"og:image:height\" content=\"1000\" \/>\n\t<meta property=\"og:image:type\" content=\"image\/jpeg\" \/>\n<meta name=\"author\" content=\"DignityNews.eu\" \/>\n<meta name=\"twitter:card\" content=\"summary_large_image\" \/>\n<meta name=\"twitter:label1\" content=\"Verfasst von\" \/>\n\t<meta name=\"twitter:data1\" content=\"DignityNews.eu\" \/>\n\t<meta name=\"twitter:label2\" content=\"Gesch\u00e4tzte Lesezeit\" \/>\n\t<meta name=\"twitter:data2\" content=\"2\u00a0Minuten\" \/>\n<script type=\"application\/ld+json\" class=\"yoast-schema-graph\">{\"@context\":\"https:\/\/schema.org\",\"@graph\":[{\"@type\":\"WebSite\",\"@id\":\"https:\/\/dignitynews.eu\/pl\/#website\",\"url\":\"https:\/\/dignitynews.eu\/pl\/\",\"name\":\"W\u00fcrde - DignityNews.eu\",\"description\":\"\",\"potentialAction\":[{\"@type\":\"SearchAction\",\"target\":{\"@type\":\"EntryPoint\",\"urlTemplate\":\"https:\/\/dignitynews.eu\/pl\/?s={search_term_string}\"},\"query-input\":\"required name=search_term_string\"}],\"inLanguage\":\"de\"},{\"@type\":\"WebPage\",\"@id\":\"https:\/\/dignitynews.eu\/de\/premierminister-und-praesident-zu-butscha-verbrechen-das-ist-voelkermord-die-verbrecher-muessen-vor-gericht-gestellt-werden\/\",\"url\":\"https:\/\/dignitynews.eu\/de\/premierminister-und-praesident-zu-butscha-verbrechen-das-ist-voelkermord-die-verbrecher-muessen-vor-gericht-gestellt-werden\/\",\"name\":\"Premierminister und Pr\u00e4sident zu Butscha-Verbrechen \u2014 das ist V\u00f6lkermord. Die Verbrecher m\u00fcssen vor Gericht gestellt werden - W\u00fcrde - DignityNews.eu\",\"isPartOf\":{\"@id\":\"https:\/\/dignitynews.eu\/pl\/#website\"},\"datePublished\":\"2022-04-04T20:00:53+00:00\",\"dateModified\":\"2022-04-04T20:00:53+00:00\",\"author\":{\"@id\":\"https:\/\/dignitynews.eu\/pl\/#\/schema\/person\/4d8f570a0fd5c310685d78d9e520982c\"},\"breadcrumb\":{\"@id\":\"https:\/\/dignitynews.eu\/de\/premierminister-und-praesident-zu-butscha-verbrechen-das-ist-voelkermord-die-verbrecher-muessen-vor-gericht-gestellt-werden\/#breadcrumb\"},\"inLanguage\":\"de\",\"potentialAction\":[{\"@type\":\"ReadAction\",\"target\":[\"https:\/\/dignitynews.eu\/de\/premierminister-und-praesident-zu-butscha-verbrechen-das-ist-voelkermord-die-verbrecher-muessen-vor-gericht-gestellt-werden\/\"]}]},{\"@type\":\"BreadcrumbList\",\"@id\":\"https:\/\/dignitynews.eu\/de\/premierminister-und-praesident-zu-butscha-verbrechen-das-ist-voelkermord-die-verbrecher-muessen-vor-gericht-gestellt-werden\/#breadcrumb\",\"itemListElement\":[{\"@type\":\"ListItem\",\"position\":1,\"name\":\"Strona g\u0142\u00f3wna\",\"item\":\"https:\/\/dignitynews.eu\/de\/\"},{\"@type\":\"ListItem\",\"position\":2,\"name\":\"Premierminister und Pr\u00e4sident zu Butscha-Verbrechen \u2014 das ist V\u00f6lkermord. Die Verbrecher m\u00fcssen vor Gericht gestellt werden\"}]},{\"@type\":\"Person\",\"@id\":\"https:\/\/dignitynews.eu\/pl\/#\/schema\/person\/4d8f570a0fd5c310685d78d9e520982c\",\"name\":\"DignityNews.eu\",\"image\":{\"@type\":\"ImageObject\",\"inLanguage\":\"de\",\"@id\":\"https:\/\/dignitynews.eu\/pl\/#\/schema\/person\/image\/\",\"url\":\"https:\/\/secure.gravatar.com\/avatar\/b9fb3aa3cd2d5d3a6d24e67a6b58bc2980bf0c7f7bd3657a6322b8df227da3d9?s=96&d=mm&r=g\",\"contentUrl\":\"https:\/\/secure.gravatar.com\/avatar\/b9fb3aa3cd2d5d3a6d24e67a6b58bc2980bf0c7f7bd3657a6322b8df227da3d9?s=96&d=mm&r=g\",\"caption\":\"DignityNews.eu\"},\"sameAs\":[\"aleksandra\"],\"url\":\"https:\/\/dignitynews.eu\/de\/author\/aleksandra\/\"}]}<\/script>\n<!-- \/ Yoast SEO plugin. -->","yoast_head_json":{"title":"Premierminister und Pr\u00e4sident zu Butscha-Verbrechen \u2014 das ist V\u00f6lkermord. Die Verbrecher m\u00fcssen vor Gericht gestellt werden - W\u00fcrde - DignityNews.eu","robots":{"index":"index","follow":"follow","max-snippet":"max-snippet:-1","max-image-preview":"max-image-preview:large","max-video-preview":"max-video-preview:-1"},"canonical":"https:\/\/dignitynews.eu\/de\/premierminister-und-praesident-zu-butscha-verbrechen-das-ist-voelkermord-die-verbrecher-muessen-vor-gericht-gestellt-werden\/","og_locale":"de_DE","og_type":"article","og_title":"Premierminister und Pr\u00e4sident zu Butscha-Verbrechen \u2014 das ist V\u00f6lkermord. Die Verbrecher m\u00fcssen vor Gericht gestellt werden - W\u00fcrde - DignityNews.eu","og_description":"Premierminister Mateusz Morawiecki hat sich zur Lage in der Stadt Butscha ge\u00e4u\u00dfert, wo die Ukrainer nach dem R\u00fcckzug der Russen mehrere hundert ermordete Zivilisten und ein Massengrab gefunden haben. \u201eDie&hellip;","og_url":"https:\/\/dignitynews.eu\/de\/premierminister-und-praesident-zu-butscha-verbrechen-das-ist-voelkermord-die-verbrecher-muessen-vor-gericht-gestellt-werden\/","og_site_name":"W\u00fcrde - DignityNews.eu","article_published_time":"2022-04-04T20:00:53+00:00","og_image":[{"width":1500,"height":1000,"url":"https:\/\/dignitynews.eu\/wp-content\/uploads\/2022\/04\/Zbrodnie-w-Buczy-\u2013-fot.-AP-Associated-Press-East-News.jpg","type":"image\/jpeg"}],"author":"DignityNews.eu","twitter_card":"summary_large_image","twitter_misc":{"Verfasst von":"DignityNews.eu","Gesch\u00e4tzte Lesezeit":"2\u00a0Minuten"},"schema":{"@context":"https:\/\/schema.org","@graph":[{"@type":"WebSite","@id":"https:\/\/dignitynews.eu\/pl\/#website","url":"https:\/\/dignitynews.eu\/pl\/","name":"W\u00fcrde - DignityNews.eu","description":"","potentialAction":[{"@type":"SearchAction","target":{"@type":"EntryPoint","urlTemplate":"https:\/\/dignitynews.eu\/pl\/?s={search_term_string}"},"query-input":"required name=search_term_string"}],"inLanguage":"de"},{"@type":"WebPage","@id":"https:\/\/dignitynews.eu\/de\/premierminister-und-praesident-zu-butscha-verbrechen-das-ist-voelkermord-die-verbrecher-muessen-vor-gericht-gestellt-werden\/","url":"https:\/\/dignitynews.eu\/de\/premierminister-und-praesident-zu-butscha-verbrechen-das-ist-voelkermord-die-verbrecher-muessen-vor-gericht-gestellt-werden\/","name":"Premierminister und Pr\u00e4sident zu Butscha-Verbrechen \u2014 das ist V\u00f6lkermord. Die Verbrecher m\u00fcssen vor Gericht gestellt werden - W\u00fcrde - DignityNews.eu","isPartOf":{"@id":"https:\/\/dignitynews.eu\/pl\/#website"},"datePublished":"2022-04-04T20:00:53+00:00","dateModified":"2022-04-04T20:00:53+00:00","author":{"@id":"https:\/\/dignitynews.eu\/pl\/#\/schema\/person\/4d8f570a0fd5c310685d78d9e520982c"},"breadcrumb":{"@id":"https:\/\/dignitynews.eu\/de\/premierminister-und-praesident-zu-butscha-verbrechen-das-ist-voelkermord-die-verbrecher-muessen-vor-gericht-gestellt-werden\/#breadcrumb"},"inLanguage":"de","potentialAction":[{"@type":"ReadAction","target":["https:\/\/dignitynews.eu\/de\/premierminister-und-praesident-zu-butscha-verbrechen-das-ist-voelkermord-die-verbrecher-muessen-vor-gericht-gestellt-werden\/"]}]},{"@type":"BreadcrumbList","@id":"https:\/\/dignitynews.eu\/de\/premierminister-und-praesident-zu-butscha-verbrechen-das-ist-voelkermord-die-verbrecher-muessen-vor-gericht-gestellt-werden\/#breadcrumb","itemListElement":[{"@type":"ListItem","position":1,"name":"Strona g\u0142\u00f3wna","item":"https:\/\/dignitynews.eu\/de\/"},{"@type":"ListItem","position":2,"name":"Premierminister und Pr\u00e4sident zu Butscha-Verbrechen \u2014 das ist V\u00f6lkermord. Die Verbrecher m\u00fcssen vor Gericht gestellt werden"}]},{"@type":"Person","@id":"https:\/\/dignitynews.eu\/pl\/#\/schema\/person\/4d8f570a0fd5c310685d78d9e520982c","name":"DignityNews.eu","image":{"@type":"ImageObject","inLanguage":"de","@id":"https:\/\/dignitynews.eu\/pl\/#\/schema\/person\/image\/","url":"https:\/\/secure.gravatar.com\/avatar\/b9fb3aa3cd2d5d3a6d24e67a6b58bc2980bf0c7f7bd3657a6322b8df227da3d9?s=96&d=mm&r=g","contentUrl":"https:\/\/secure.gravatar.com\/avatar\/b9fb3aa3cd2d5d3a6d24e67a6b58bc2980bf0c7f7bd3657a6322b8df227da3d9?s=96&d=mm&r=g","caption":"DignityNews.eu"},"sameAs":["aleksandra"],"url":"https:\/\/dignitynews.eu\/de\/author\/aleksandra\/"}]}},"_links":{"self":[{"href":"https:\/\/dignitynews.eu\/de\/wp-json\/wp\/v2\/posts\/13226","targetHints":{"allow":["GET"]}}],"collection":[{"href":"https:\/\/dignitynews.eu\/de\/wp-json\/wp\/v2\/posts"}],"about":[{"href":"https:\/\/dignitynews.eu\/de\/wp-json\/wp\/v2\/types\/post"}],"author":[{"embeddable":true,"href":"https:\/\/dignitynews.eu\/de\/wp-json\/wp\/v2\/users\/3"}],"replies":[{"embeddable":true,"href":"https:\/\/dignitynews.eu\/de\/wp-json\/wp\/v2\/comments?post=13226"}],"version-history":[{"count":1,"href":"https:\/\/dignitynews.eu\/de\/wp-json\/wp\/v2\/posts\/13226\/revisions"}],"predecessor-version":[{"id":13227,"href":"https:\/\/dignitynews.eu\/de\/wp-json\/wp\/v2\/posts\/13226\/revisions\/13227"}],"wp:featuredmedia":[{"embeddable":true,"href":"https:\/\/dignitynews.eu\/de\/wp-json\/wp\/v2\/media\/13069"}],"wp:attachment":[{"href":"https:\/\/dignitynews.eu\/de\/wp-json\/wp\/v2\/media?parent=13226"}],"wp:term":[{"taxonomy":"category","embeddable":true,"href":"https:\/\/dignitynews.eu\/de\/wp-json\/wp\/v2\/categories?post=13226"},{"taxonomy":"post_tag","embeddable":true,"href":"https:\/\/dignitynews.eu\/de\/wp-json\/wp\/v2\/tags?post=13226"}],"curies":[{"name":"wp","href":"https:\/\/api.w.org\/{rel}","templated":true}]}}