{"id":13209,"date":"2022-04-04T21:47:55","date_gmt":"2022-04-04T19:47:55","guid":{"rendered":"https:\/\/dignitynews.eu\/?p=13209"},"modified":"2022-04-04T21:47:55","modified_gmt":"2022-04-04T19:47:55","slug":"polens-verteidigungsminister-polen-ist-fuehrend-in-der-nato-wir-geben-am-meisten-fuer-die-verteidigung-aus","status":"publish","type":"post","link":"https:\/\/dignitynews.eu\/de\/polens-verteidigungsminister-polen-ist-fuehrend-in-der-nato-wir-geben-am-meisten-fuer-die-verteidigung-aus\/","title":{"rendered":"Polens Verteidigungsminister: Polen ist f\u00fchrend in der NATO, wir geben am meisten f\u00fcr die Verteidigung aus"},"content":{"rendered":"<h5><b>\u201ePolen bleibt in der NATO f\u00fchrend bei den Verteidigungsausgaben. Im vergangenen Jahr haben wir 2,34 Prozent unseres BIP f\u00fcr die polnischen Streitkr\u00e4fte ausgegeben. Laut dem NATO-Bericht \u201eDefence Expenditure of NATO Countries\u201d bedeutet dies, dass wir in dieser Hinsicht den dritten Platz im B\u00fcndnis einnehmen\u201d, schrieb auf Twitter Mariusz B\u0142aszczak, Leiter des polnischen Verteidigungsministeriums.\u00a0<\/b><\/h5>\n<p><span style=\"font-weight: 400;\">Wie die Informacyjna Agencja Radiowa (IAR) mitteilte, soll am Dienstag ein Vertrag \u00fcber die Lieferung von Abrams-Panzern unterzeichnet werden. Die Unterzeichnung der Vertragsdokumente soll bei der 1. Panzerbrigade in Warschau stattfinden. An der Veranstaltung werden unter anderem Verteidigungsminister Mariusz B\u0142aszczak sowie Vertreter der US-Regierung und des Panzerherstellers aus dem Werk in Ohio teilnehmen. Der Vertrag hat einen Wert von \u00fcber 23 Milliarden PLN. Das Abkommen umfasst auch ein Logistik- und Ausbildungspaket sowie den Kauf von Munition f\u00fcr die Panzer.<\/span><\/p>\n<p><span style=\"font-weight: 400;\">Nach Angaben des Leiters des Verteidigungsministeriums ist die Grundlage, auf die sich die Regierung bei der Aufstockung der polnischen Armee st\u00fctzt, im Gesetz \u00fcber die Verteidigung des Vaterlandes enthalten. Das vom Pr\u00e4sidenten unterzeichnete Gesetz betrifft u.a. die Aufstockung des Verteidigungshaushalts. Laut den neuen Vorschriften soll der Staatshaushalt Mittel f\u00fcr die Finanzierung des Verteidigungsbedarfs in H\u00f6he von mindestens 2,2 Prozent des BIP im Jahr 2022 und mindestens 3 Prozent des BIP im Jahr 2023 und in den Folgejahren bereitstellen.\u00a0<\/span><\/p>\n<p><span style=\"font-weight: 400;\">\u201eWir werden die polnische Armee aufr\u00fcsten, wir werden die polnische Armee mit der modernsten Ausr\u00fcstung und den modernsten Waffen ausstatten, aber wir werden die polnische Armee auch zahlenm\u00e4\u00dfig weiterentwickeln. Unser Ziel ist es, 300.000 Soldaten zu haben \u2014 250.000 Berufssoldaten und 50.000 Soldaten der territorialen Verteidigungskr\u00e4fte\u201d, betonte Minister B\u0142aszczak.<\/span><\/p>\n<p><span style=\"font-weight: 400;\">Nach dem Gesetz ber\u00fccksichtigt der Leiter des Verteidigungsministeriums bei der Planung der Ausgaben f\u00fcr die technische Modernisierung der Armee das Potential der polnischen Verteidigungsindustrie und die Ausgaben f\u00fcr Forschungs- und Entwicklungsarbeiten im Bereich der nationalen Verteidigung.<\/span><\/p>\n<p><span style=\"font-weight: 400;\">Arkadiusz S\u0142omczy\u0144ski<\/span><\/p>\n","protected":false},"excerpt":{"rendered":"<p>\u201ePolen bleibt in der NATO f\u00fchrend bei den Verteidigungsausgaben. Im vergangenen Jahr haben wir 2,34 Prozent unseres BIP f\u00fcr die polnischen Streitkr\u00e4fte ausgegeben. Laut dem NATO-Bericht \u201eDefence Expenditure of NATO&hellip;<\/p>\n","protected":false},"author":3,"featured_media":13025,"comment_status":"closed","ping_status":"open","sticky":false,"template":"","format":"standard","meta":{"_mi_skip_tracking":false,"footnotes":""},"categories":[53],"tags":[],"class_list":["post-13209","post","type-post","status-publish","format-standard","has-post-thumbnail","hentry","category-nachrichten"],"yoast_head":"<!-- This site is optimized with the Yoast SEO plugin v19.4 - https:\/\/yoast.com\/wordpress\/plugins\/seo\/ -->\n<title>Polens Verteidigungsminister: Polen ist f\u00fchrend in der NATO, wir geben am meisten f\u00fcr die Verteidigung aus - W\u00fcrde - DignityNews.eu<\/title>\n<meta name=\"robots\" content=\"index, follow, max-snippet:-1, max-image-preview:large, max-video-preview:-1\" \/>\n<link rel=\"canonical\" href=\"https:\/\/dignitynews.eu\/de\/polens-verteidigungsminister-polen-ist-fuehrend-in-der-nato-wir-geben-am-meisten-fuer-die-verteidigung-aus\/\" \/>\n<meta property=\"og:locale\" content=\"de_DE\" \/>\n<meta property=\"og:type\" content=\"article\" \/>\n<meta property=\"og:title\" content=\"Polens Verteidigungsminister: Polen ist f\u00fchrend in der NATO, wir geben am meisten f\u00fcr die Verteidigung aus - W\u00fcrde - DignityNews.eu\" \/>\n<meta property=\"og:description\" content=\"\u201ePolen bleibt in der NATO f\u00fchrend bei den Verteidigungsausgaben. Im vergangenen Jahr haben wir 2,34 Prozent unseres BIP f\u00fcr die polnischen Streitkr\u00e4fte ausgegeben. Laut dem NATO-Bericht \u201eDefence Expenditure of NATO&hellip;\" \/>\n<meta property=\"og:url\" content=\"https:\/\/dignitynews.eu\/de\/polens-verteidigungsminister-polen-ist-fuehrend-in-der-nato-wir-geben-am-meisten-fuer-die-verteidigung-aus\/\" \/>\n<meta property=\"og:site_name\" content=\"W\u00fcrde - DignityNews.eu\" \/>\n<meta property=\"article:published_time\" content=\"2022-04-04T19:47:55+00:00\" \/>\n<meta property=\"og:image\" content=\"https:\/\/dignitynews.eu\/wp-content\/uploads\/2022\/04\/Wydatki-na-obronnosc-\u2013-fot.-Piotr-Molecki-East-News.jpg\" \/>\n\t<meta property=\"og:image:width\" content=\"1500\" \/>\n\t<meta property=\"og:image:height\" content=\"1000\" \/>\n\t<meta property=\"og:image:type\" content=\"image\/jpeg\" \/>\n<meta name=\"author\" content=\"DignityNews.eu\" \/>\n<meta name=\"twitter:card\" content=\"summary_large_image\" \/>\n<meta name=\"twitter:label1\" content=\"Verfasst von\" \/>\n\t<meta name=\"twitter:data1\" content=\"DignityNews.eu\" \/>\n\t<meta name=\"twitter:label2\" content=\"Gesch\u00e4tzte Lesezeit\" \/>\n\t<meta name=\"twitter:data2\" content=\"2\u00a0Minuten\" \/>\n<script type=\"application\/ld+json\" class=\"yoast-schema-graph\">{\"@context\":\"https:\/\/schema.org\",\"@graph\":[{\"@type\":\"WebSite\",\"@id\":\"https:\/\/dignitynews.eu\/pl\/#website\",\"url\":\"https:\/\/dignitynews.eu\/pl\/\",\"name\":\"W\u00fcrde - DignityNews.eu\",\"description\":\"\",\"potentialAction\":[{\"@type\":\"SearchAction\",\"target\":{\"@type\":\"EntryPoint\",\"urlTemplate\":\"https:\/\/dignitynews.eu\/pl\/?s={search_term_string}\"},\"query-input\":\"required name=search_term_string\"}],\"inLanguage\":\"de\"},{\"@type\":\"WebPage\",\"@id\":\"https:\/\/dignitynews.eu\/de\/polens-verteidigungsminister-polen-ist-fuehrend-in-der-nato-wir-geben-am-meisten-fuer-die-verteidigung-aus\/\",\"url\":\"https:\/\/dignitynews.eu\/de\/polens-verteidigungsminister-polen-ist-fuehrend-in-der-nato-wir-geben-am-meisten-fuer-die-verteidigung-aus\/\",\"name\":\"Polens Verteidigungsminister: Polen ist f\u00fchrend in der NATO, wir geben am meisten f\u00fcr die Verteidigung aus - W\u00fcrde - DignityNews.eu\",\"isPartOf\":{\"@id\":\"https:\/\/dignitynews.eu\/pl\/#website\"},\"datePublished\":\"2022-04-04T19:47:55+00:00\",\"dateModified\":\"2022-04-04T19:47:55+00:00\",\"author\":{\"@id\":\"https:\/\/dignitynews.eu\/pl\/#\/schema\/person\/4d8f570a0fd5c310685d78d9e520982c\"},\"breadcrumb\":{\"@id\":\"https:\/\/dignitynews.eu\/de\/polens-verteidigungsminister-polen-ist-fuehrend-in-der-nato-wir-geben-am-meisten-fuer-die-verteidigung-aus\/#breadcrumb\"},\"inLanguage\":\"de\",\"potentialAction\":[{\"@type\":\"ReadAction\",\"target\":[\"https:\/\/dignitynews.eu\/de\/polens-verteidigungsminister-polen-ist-fuehrend-in-der-nato-wir-geben-am-meisten-fuer-die-verteidigung-aus\/\"]}]},{\"@type\":\"BreadcrumbList\",\"@id\":\"https:\/\/dignitynews.eu\/de\/polens-verteidigungsminister-polen-ist-fuehrend-in-der-nato-wir-geben-am-meisten-fuer-die-verteidigung-aus\/#breadcrumb\",\"itemListElement\":[{\"@type\":\"ListItem\",\"position\":1,\"name\":\"Strona g\u0142\u00f3wna\",\"item\":\"https:\/\/dignitynews.eu\/de\/\"},{\"@type\":\"ListItem\",\"position\":2,\"name\":\"Polens Verteidigungsminister: Polen ist f\u00fchrend in der NATO, wir geben am meisten f\u00fcr die Verteidigung aus\"}]},{\"@type\":\"Person\",\"@id\":\"https:\/\/dignitynews.eu\/pl\/#\/schema\/person\/4d8f570a0fd5c310685d78d9e520982c\",\"name\":\"DignityNews.eu\",\"image\":{\"@type\":\"ImageObject\",\"inLanguage\":\"de\",\"@id\":\"https:\/\/dignitynews.eu\/pl\/#\/schema\/person\/image\/\",\"url\":\"https:\/\/secure.gravatar.com\/avatar\/b9fb3aa3cd2d5d3a6d24e67a6b58bc2980bf0c7f7bd3657a6322b8df227da3d9?s=96&d=mm&r=g\",\"contentUrl\":\"https:\/\/secure.gravatar.com\/avatar\/b9fb3aa3cd2d5d3a6d24e67a6b58bc2980bf0c7f7bd3657a6322b8df227da3d9?s=96&d=mm&r=g\",\"caption\":\"DignityNews.eu\"},\"sameAs\":[\"aleksandra\"],\"url\":\"https:\/\/dignitynews.eu\/de\/author\/aleksandra\/\"}]}<\/script>\n<!-- \/ Yoast SEO plugin. -->","yoast_head_json":{"title":"Polens Verteidigungsminister: Polen ist f\u00fchrend in der NATO, wir geben am meisten f\u00fcr die Verteidigung aus - W\u00fcrde - DignityNews.eu","robots":{"index":"index","follow":"follow","max-snippet":"max-snippet:-1","max-image-preview":"max-image-preview:large","max-video-preview":"max-video-preview:-1"},"canonical":"https:\/\/dignitynews.eu\/de\/polens-verteidigungsminister-polen-ist-fuehrend-in-der-nato-wir-geben-am-meisten-fuer-die-verteidigung-aus\/","og_locale":"de_DE","og_type":"article","og_title":"Polens Verteidigungsminister: Polen ist f\u00fchrend in der NATO, wir geben am meisten f\u00fcr die Verteidigung aus - W\u00fcrde - DignityNews.eu","og_description":"\u201ePolen bleibt in der NATO f\u00fchrend bei den Verteidigungsausgaben. Im vergangenen Jahr haben wir 2,34 Prozent unseres BIP f\u00fcr die polnischen Streitkr\u00e4fte ausgegeben. Laut dem NATO-Bericht \u201eDefence Expenditure of NATO&hellip;","og_url":"https:\/\/dignitynews.eu\/de\/polens-verteidigungsminister-polen-ist-fuehrend-in-der-nato-wir-geben-am-meisten-fuer-die-verteidigung-aus\/","og_site_name":"W\u00fcrde - DignityNews.eu","article_published_time":"2022-04-04T19:47:55+00:00","og_image":[{"width":1500,"height":1000,"url":"https:\/\/dignitynews.eu\/wp-content\/uploads\/2022\/04\/Wydatki-na-obronnosc-\u2013-fot.-Piotr-Molecki-East-News.jpg","type":"image\/jpeg"}],"author":"DignityNews.eu","twitter_card":"summary_large_image","twitter_misc":{"Verfasst von":"DignityNews.eu","Gesch\u00e4tzte Lesezeit":"2\u00a0Minuten"},"schema":{"@context":"https:\/\/schema.org","@graph":[{"@type":"WebSite","@id":"https:\/\/dignitynews.eu\/pl\/#website","url":"https:\/\/dignitynews.eu\/pl\/","name":"W\u00fcrde - DignityNews.eu","description":"","potentialAction":[{"@type":"SearchAction","target":{"@type":"EntryPoint","urlTemplate":"https:\/\/dignitynews.eu\/pl\/?s={search_term_string}"},"query-input":"required name=search_term_string"}],"inLanguage":"de"},{"@type":"WebPage","@id":"https:\/\/dignitynews.eu\/de\/polens-verteidigungsminister-polen-ist-fuehrend-in-der-nato-wir-geben-am-meisten-fuer-die-verteidigung-aus\/","url":"https:\/\/dignitynews.eu\/de\/polens-verteidigungsminister-polen-ist-fuehrend-in-der-nato-wir-geben-am-meisten-fuer-die-verteidigung-aus\/","name":"Polens Verteidigungsminister: Polen ist f\u00fchrend in der NATO, wir geben am meisten f\u00fcr die Verteidigung aus - W\u00fcrde - DignityNews.eu","isPartOf":{"@id":"https:\/\/dignitynews.eu\/pl\/#website"},"datePublished":"2022-04-04T19:47:55+00:00","dateModified":"2022-04-04T19:47:55+00:00","author":{"@id":"https:\/\/dignitynews.eu\/pl\/#\/schema\/person\/4d8f570a0fd5c310685d78d9e520982c"},"breadcrumb":{"@id":"https:\/\/dignitynews.eu\/de\/polens-verteidigungsminister-polen-ist-fuehrend-in-der-nato-wir-geben-am-meisten-fuer-die-verteidigung-aus\/#breadcrumb"},"inLanguage":"de","potentialAction":[{"@type":"ReadAction","target":["https:\/\/dignitynews.eu\/de\/polens-verteidigungsminister-polen-ist-fuehrend-in-der-nato-wir-geben-am-meisten-fuer-die-verteidigung-aus\/"]}]},{"@type":"BreadcrumbList","@id":"https:\/\/dignitynews.eu\/de\/polens-verteidigungsminister-polen-ist-fuehrend-in-der-nato-wir-geben-am-meisten-fuer-die-verteidigung-aus\/#breadcrumb","itemListElement":[{"@type":"ListItem","position":1,"name":"Strona g\u0142\u00f3wna","item":"https:\/\/dignitynews.eu\/de\/"},{"@type":"ListItem","position":2,"name":"Polens Verteidigungsminister: Polen ist f\u00fchrend in der NATO, wir geben am meisten f\u00fcr die Verteidigung aus"}]},{"@type":"Person","@id":"https:\/\/dignitynews.eu\/pl\/#\/schema\/person\/4d8f570a0fd5c310685d78d9e520982c","name":"DignityNews.eu","image":{"@type":"ImageObject","inLanguage":"de","@id":"https:\/\/dignitynews.eu\/pl\/#\/schema\/person\/image\/","url":"https:\/\/secure.gravatar.com\/avatar\/b9fb3aa3cd2d5d3a6d24e67a6b58bc2980bf0c7f7bd3657a6322b8df227da3d9?s=96&d=mm&r=g","contentUrl":"https:\/\/secure.gravatar.com\/avatar\/b9fb3aa3cd2d5d3a6d24e67a6b58bc2980bf0c7f7bd3657a6322b8df227da3d9?s=96&d=mm&r=g","caption":"DignityNews.eu"},"sameAs":["aleksandra"],"url":"https:\/\/dignitynews.eu\/de\/author\/aleksandra\/"}]}},"_links":{"self":[{"href":"https:\/\/dignitynews.eu\/de\/wp-json\/wp\/v2\/posts\/13209","targetHints":{"allow":["GET"]}}],"collection":[{"href":"https:\/\/dignitynews.eu\/de\/wp-json\/wp\/v2\/posts"}],"about":[{"href":"https:\/\/dignitynews.eu\/de\/wp-json\/wp\/v2\/types\/post"}],"author":[{"embeddable":true,"href":"https:\/\/dignitynews.eu\/de\/wp-json\/wp\/v2\/users\/3"}],"replies":[{"embeddable":true,"href":"https:\/\/dignitynews.eu\/de\/wp-json\/wp\/v2\/comments?post=13209"}],"version-history":[{"count":1,"href":"https:\/\/dignitynews.eu\/de\/wp-json\/wp\/v2\/posts\/13209\/revisions"}],"predecessor-version":[{"id":13210,"href":"https:\/\/dignitynews.eu\/de\/wp-json\/wp\/v2\/posts\/13209\/revisions\/13210"}],"wp:featuredmedia":[{"embeddable":true,"href":"https:\/\/dignitynews.eu\/de\/wp-json\/wp\/v2\/media\/13025"}],"wp:attachment":[{"href":"https:\/\/dignitynews.eu\/de\/wp-json\/wp\/v2\/media?parent=13209"}],"wp:term":[{"taxonomy":"category","embeddable":true,"href":"https:\/\/dignitynews.eu\/de\/wp-json\/wp\/v2\/categories?post=13209"},{"taxonomy":"post_tag","embeddable":true,"href":"https:\/\/dignitynews.eu\/de\/wp-json\/wp\/v2\/tags?post=13209"}],"curies":[{"name":"wp","href":"https:\/\/api.w.org\/{rel}","templated":true}]}}