{"id":12974,"date":"2022-04-01T11:59:35","date_gmt":"2022-04-01T09:59:35","guid":{"rendered":"https:\/\/dignitynews.eu\/?p=12974"},"modified":"2022-04-01T18:09:12","modified_gmt":"2022-04-01T16:09:12","slug":"wie-wurde-der-kommunismus-in-polen-belaechelt-aussergewoehnliche-happenings-der-orangen-alternative","status":"publish","type":"post","link":"https:\/\/dignitynews.eu\/de\/wie-wurde-der-kommunismus-in-polen-belaechelt-aussergewoehnliche-happenings-der-orangen-alternative\/","title":{"rendered":"Wie wurde der Kommunismus in Polen bel\u00e4chelt? Au\u00dfergew\u00f6hnliche Happenings der \u201eOrangen Alternative\u201d"},"content":{"rendered":"<h5><b>Trotz der traurigen kommunistischen Realit\u00e4t im Polen der 1980er Jahre gab es Menschen, die \u00fcber die Beh\u00f6rden lachen konnten. Die \u201eOrange Alternative\u201d machte sich auf intelligente Weise \u00fcber die Kommunisten lustig, indem sie die Absurdit\u00e4ten der damaligen Zeit hervorhob.<\/b><\/h5>\n<p><span style=\"font-weight: 400;\">Einen gro\u00dfen Einfluss auf die Stimmung in der polnischen Gesellschaft hatte das Kriegsrecht. Es wurde 1981 vom kommunistischen Diktator Wojciech Jaruzelski eingef\u00fchrt, der dem polnischen Volk den Krieg erkl\u00e4rte. Gleichzeitig geriet das Land in eine tiefe Wirtschaftskrise.\u00a0<\/span><\/p>\n<p><span style=\"font-weight: 400;\">In dieser d\u00fcsteren Realit\u00e4t der 1980er Jahre war es schwer, etwas zu finden, das einem ein L\u00e4cheln auf sein Gesicht zaubern konnte. Trotz der Schrecken des Kommunismus gab es Menschen, die Happenings organisierten, die das kommunistische System ins L\u00e4cherliche zogen und die Indolenz der Beh\u00f6rden aufzeigten. Diese Personen waren in einer Breslauer Gruppe namens \u201eOrange Alternative\u201d zusammengeschlossen. Sie wurde von W\u0142adys\u0142aw Frydrych &#8222;Major&#8220; geleitet.\u00a0<\/span><\/p>\n<p><b>Mit T\u00f6pfen auf dem Kopf<\/b><\/p>\n<p><span style=\"font-weight: 400;\">Die erste Aktion der \u201eOrangen Alternative\u201d, von der die Welt erfuhr, war das \u201eFest der T\u00f6pfe\u201d, das am 1. April 1987 organisiert wurde. Die Teilnehmer des Happenings gingen mit T\u00f6pfen aus Papier auf dem Kopf auf die Stra\u00dfe. Sie wollten auf diese Art und Weise darauf aufmerksam machen, dass sich viele Menschen nur auf den Konsum konzentrieren, was sie vom Kampf f\u00fcr die Freiheit ablenkt. Die Aktion gefiel der kommunistischen Miliz nicht. Das Happening wurde unterbrochen und die Requisiten wurden beschlagnahmt.\u00a0<\/span><\/p>\n<p><b>Miliz jagt Inflation\u00a0<\/b><\/p>\n<p><span style=\"font-weight: 400;\">Die \u201eOrange Alternative\u201d war nicht nur in Wroc\u0142aw aktiv. In \u0141\u00f3d\u017a wurde am 7. November 1988 (dem Jahrestag der Oktoberrevolution) eine Aktion \u201eGaloppierende Inflation\u201d organisiert. Die Teilnehmer der Veranstaltung liefen mit Plakaten mit der Aufschrift \u201eGaloppierende Inflation\u201d durch die Stadt. Milizion\u00e4re verfolgten sie und jagten so die \u201egaloppierende Inflation\u201d. Einige der Teilnehmer des Happenings hatten absurde Transparente dabei: \u201eEs lebe die Krise!\u201d, \u201eWir fordern alles!\u201d.<\/span><\/p>\n<p><b>Verhaftung von Zwergen<\/b><\/p>\n<p><span style=\"font-weight: 400;\">An den Mauern der polnischen St\u00e4dte erschienen antikommunistische Parolen. Die Beh\u00f6rden entfernten sie, aber an ihrer Stelle malte der Leiter der \u201eOrangenen Alternative\u201d Zwerge, die einen sp\u00f6ttischen Charakter hatten. Dieses Thema wurde am 1. Juni 1987 aufgegriffen. Damals verteilte Frydrych orangefarbene Zwergenm\u00fctzen auf den Stra\u00dfen von Wroc\u0142aw. Dies f\u00fchrte nat\u00fcrlich zu einer Reaktion der Miliz, die begann, Personen mit den M\u00fctzen zu verhaften. So mussten die Polizisten ihren Vorgesetzten sagen, dass die Festgenommenen&#8230; Zwerge waren.\u00a0\u00a0<\/span><\/p>\n<p><span style=\"font-weight: 400;\">Die \u201eOrange Alternative\u201d war nicht nur in Wroc\u0142aw und \u0141\u00f3d\u017a, sondern auch in Warschau und Lublin aktiv. Sie fand ihre Nachahmer unter anderem in der Tschechoslowakei und in Ungarn. Mit dem Ende des kommunistischen Systems in Polen hat sie ihre T\u00e4tigkeit nicht eingestellt. Schlie\u00dflich verdient die Realit\u00e4t immer eine Satire.\u00a0<\/span><\/p>\n<p>&nbsp;<\/p>\n<p>&nbsp;<\/p>\n","protected":false},"excerpt":{"rendered":"<p>Trotz der traurigen kommunistischen Realit\u00e4t im Polen der 1980er Jahre gab es Menschen, die \u00fcber die Beh\u00f6rden lachen konnten. Die \u201eOrange Alternative\u201d machte sich auf intelligente Weise \u00fcber die Kommunisten&hellip;<\/p>\n","protected":false},"author":3,"featured_media":12858,"comment_status":"closed","ping_status":"open","sticky":false,"template":"","format":"standard","meta":{"_mi_skip_tracking":false,"footnotes":""},"categories":[52],"tags":[],"class_list":["post-12974","post","type-post","status-publish","format-standard","has-post-thumbnail","hentry","category-geschichte"],"yoast_head":"<!-- This site is optimized with the Yoast SEO plugin v19.4 - https:\/\/yoast.com\/wordpress\/plugins\/seo\/ -->\n<title>Wie wurde der Kommunismus in Polen bel\u00e4chelt? Au\u00dfergew\u00f6hnliche Happenings der \u201eOrangen Alternative\u201d - W\u00fcrde - DignityNews.eu<\/title>\n<meta name=\"robots\" content=\"index, follow, max-snippet:-1, max-image-preview:large, max-video-preview:-1\" \/>\n<link rel=\"canonical\" href=\"https:\/\/dignitynews.eu\/de\/wie-wurde-der-kommunismus-in-polen-belaechelt-aussergewoehnliche-happenings-der-orangen-alternative\/\" \/>\n<meta property=\"og:locale\" content=\"de_DE\" \/>\n<meta property=\"og:type\" content=\"article\" \/>\n<meta property=\"og:title\" content=\"Wie wurde der Kommunismus in Polen bel\u00e4chelt? Au\u00dfergew\u00f6hnliche Happenings der \u201eOrangen Alternative\u201d - W\u00fcrde - DignityNews.eu\" \/>\n<meta property=\"og:description\" content=\"Trotz der traurigen kommunistischen Realit\u00e4t im Polen der 1980er Jahre gab es Menschen, die \u00fcber die Beh\u00f6rden lachen konnten. Die \u201eOrange Alternative\u201d machte sich auf intelligente Weise \u00fcber die Kommunisten&hellip;\" \/>\n<meta property=\"og:url\" content=\"https:\/\/dignitynews.eu\/de\/wie-wurde-der-kommunismus-in-polen-belaechelt-aussergewoehnliche-happenings-der-orangen-alternative\/\" \/>\n<meta property=\"og:site_name\" content=\"W\u00fcrde - DignityNews.eu\" \/>\n<meta property=\"article:published_time\" content=\"2022-04-01T09:59:35+00:00\" \/>\n<meta property=\"article:modified_time\" content=\"2022-04-01T16:09:12+00:00\" \/>\n<meta property=\"og:image\" content=\"https:\/\/dignitynews.eu\/wp-content\/uploads\/2022\/04\/Pomaranczowa_alternatywa-dzien_wojska.jpg\" \/>\n\t<meta property=\"og:image:width\" content=\"1024\" \/>\n\t<meta property=\"og:image:height\" content=\"751\" \/>\n\t<meta property=\"og:image:type\" content=\"image\/jpeg\" \/>\n<meta name=\"author\" content=\"DignityNews.eu\" \/>\n<meta name=\"twitter:card\" content=\"summary_large_image\" \/>\n<meta name=\"twitter:label1\" content=\"Verfasst von\" \/>\n\t<meta name=\"twitter:data1\" content=\"DignityNews.eu\" \/>\n\t<meta name=\"twitter:label2\" content=\"Gesch\u00e4tzte Lesezeit\" \/>\n\t<meta name=\"twitter:data2\" content=\"3\u00a0Minuten\" \/>\n<script type=\"application\/ld+json\" class=\"yoast-schema-graph\">{\"@context\":\"https:\/\/schema.org\",\"@graph\":[{\"@type\":\"WebSite\",\"@id\":\"https:\/\/dignitynews.eu\/pl\/#website\",\"url\":\"https:\/\/dignitynews.eu\/pl\/\",\"name\":\"W\u00fcrde - DignityNews.eu\",\"description\":\"\",\"potentialAction\":[{\"@type\":\"SearchAction\",\"target\":{\"@type\":\"EntryPoint\",\"urlTemplate\":\"https:\/\/dignitynews.eu\/pl\/?s={search_term_string}\"},\"query-input\":\"required name=search_term_string\"}],\"inLanguage\":\"de\"},{\"@type\":\"WebPage\",\"@id\":\"https:\/\/dignitynews.eu\/de\/wie-wurde-der-kommunismus-in-polen-belaechelt-aussergewoehnliche-happenings-der-orangen-alternative\/\",\"url\":\"https:\/\/dignitynews.eu\/de\/wie-wurde-der-kommunismus-in-polen-belaechelt-aussergewoehnliche-happenings-der-orangen-alternative\/\",\"name\":\"Wie wurde der Kommunismus in Polen bel\u00e4chelt? Au\u00dfergew\u00f6hnliche Happenings der \u201eOrangen Alternative\u201d - W\u00fcrde - DignityNews.eu\",\"isPartOf\":{\"@id\":\"https:\/\/dignitynews.eu\/pl\/#website\"},\"datePublished\":\"2022-04-01T09:59:35+00:00\",\"dateModified\":\"2022-04-01T16:09:12+00:00\",\"author\":{\"@id\":\"https:\/\/dignitynews.eu\/pl\/#\/schema\/person\/4d8f570a0fd5c310685d78d9e520982c\"},\"breadcrumb\":{\"@id\":\"https:\/\/dignitynews.eu\/de\/wie-wurde-der-kommunismus-in-polen-belaechelt-aussergewoehnliche-happenings-der-orangen-alternative\/#breadcrumb\"},\"inLanguage\":\"de\",\"potentialAction\":[{\"@type\":\"ReadAction\",\"target\":[\"https:\/\/dignitynews.eu\/de\/wie-wurde-der-kommunismus-in-polen-belaechelt-aussergewoehnliche-happenings-der-orangen-alternative\/\"]}]},{\"@type\":\"BreadcrumbList\",\"@id\":\"https:\/\/dignitynews.eu\/de\/wie-wurde-der-kommunismus-in-polen-belaechelt-aussergewoehnliche-happenings-der-orangen-alternative\/#breadcrumb\",\"itemListElement\":[{\"@type\":\"ListItem\",\"position\":1,\"name\":\"Strona g\u0142\u00f3wna\",\"item\":\"https:\/\/dignitynews.eu\/de\/\"},{\"@type\":\"ListItem\",\"position\":2,\"name\":\"Wie wurde der Kommunismus in Polen bel\u00e4chelt? Au\u00dfergew\u00f6hnliche Happenings der \u201eOrangen Alternative\u201d\"}]},{\"@type\":\"Person\",\"@id\":\"https:\/\/dignitynews.eu\/pl\/#\/schema\/person\/4d8f570a0fd5c310685d78d9e520982c\",\"name\":\"DignityNews.eu\",\"image\":{\"@type\":\"ImageObject\",\"inLanguage\":\"de\",\"@id\":\"https:\/\/dignitynews.eu\/pl\/#\/schema\/person\/image\/\",\"url\":\"https:\/\/secure.gravatar.com\/avatar\/b9fb3aa3cd2d5d3a6d24e67a6b58bc2980bf0c7f7bd3657a6322b8df227da3d9?s=96&d=mm&r=g\",\"contentUrl\":\"https:\/\/secure.gravatar.com\/avatar\/b9fb3aa3cd2d5d3a6d24e67a6b58bc2980bf0c7f7bd3657a6322b8df227da3d9?s=96&d=mm&r=g\",\"caption\":\"DignityNews.eu\"},\"sameAs\":[\"aleksandra\"],\"url\":\"https:\/\/dignitynews.eu\/de\/author\/aleksandra\/\"}]}<\/script>\n<!-- \/ Yoast SEO plugin. -->","yoast_head_json":{"title":"Wie wurde der Kommunismus in Polen bel\u00e4chelt? Au\u00dfergew\u00f6hnliche Happenings der \u201eOrangen Alternative\u201d - W\u00fcrde - DignityNews.eu","robots":{"index":"index","follow":"follow","max-snippet":"max-snippet:-1","max-image-preview":"max-image-preview:large","max-video-preview":"max-video-preview:-1"},"canonical":"https:\/\/dignitynews.eu\/de\/wie-wurde-der-kommunismus-in-polen-belaechelt-aussergewoehnliche-happenings-der-orangen-alternative\/","og_locale":"de_DE","og_type":"article","og_title":"Wie wurde der Kommunismus in Polen bel\u00e4chelt? Au\u00dfergew\u00f6hnliche Happenings der \u201eOrangen Alternative\u201d - W\u00fcrde - DignityNews.eu","og_description":"Trotz der traurigen kommunistischen Realit\u00e4t im Polen der 1980er Jahre gab es Menschen, die \u00fcber die Beh\u00f6rden lachen konnten. Die \u201eOrange Alternative\u201d machte sich auf intelligente Weise \u00fcber die Kommunisten&hellip;","og_url":"https:\/\/dignitynews.eu\/de\/wie-wurde-der-kommunismus-in-polen-belaechelt-aussergewoehnliche-happenings-der-orangen-alternative\/","og_site_name":"W\u00fcrde - DignityNews.eu","article_published_time":"2022-04-01T09:59:35+00:00","article_modified_time":"2022-04-01T16:09:12+00:00","og_image":[{"width":1024,"height":751,"url":"https:\/\/dignitynews.eu\/wp-content\/uploads\/2022\/04\/Pomaranczowa_alternatywa-dzien_wojska.jpg","type":"image\/jpeg"}],"author":"DignityNews.eu","twitter_card":"summary_large_image","twitter_misc":{"Verfasst von":"DignityNews.eu","Gesch\u00e4tzte Lesezeit":"3\u00a0Minuten"},"schema":{"@context":"https:\/\/schema.org","@graph":[{"@type":"WebSite","@id":"https:\/\/dignitynews.eu\/pl\/#website","url":"https:\/\/dignitynews.eu\/pl\/","name":"W\u00fcrde - DignityNews.eu","description":"","potentialAction":[{"@type":"SearchAction","target":{"@type":"EntryPoint","urlTemplate":"https:\/\/dignitynews.eu\/pl\/?s={search_term_string}"},"query-input":"required name=search_term_string"}],"inLanguage":"de"},{"@type":"WebPage","@id":"https:\/\/dignitynews.eu\/de\/wie-wurde-der-kommunismus-in-polen-belaechelt-aussergewoehnliche-happenings-der-orangen-alternative\/","url":"https:\/\/dignitynews.eu\/de\/wie-wurde-der-kommunismus-in-polen-belaechelt-aussergewoehnliche-happenings-der-orangen-alternative\/","name":"Wie wurde der Kommunismus in Polen bel\u00e4chelt? Au\u00dfergew\u00f6hnliche Happenings der \u201eOrangen Alternative\u201d - W\u00fcrde - DignityNews.eu","isPartOf":{"@id":"https:\/\/dignitynews.eu\/pl\/#website"},"datePublished":"2022-04-01T09:59:35+00:00","dateModified":"2022-04-01T16:09:12+00:00","author":{"@id":"https:\/\/dignitynews.eu\/pl\/#\/schema\/person\/4d8f570a0fd5c310685d78d9e520982c"},"breadcrumb":{"@id":"https:\/\/dignitynews.eu\/de\/wie-wurde-der-kommunismus-in-polen-belaechelt-aussergewoehnliche-happenings-der-orangen-alternative\/#breadcrumb"},"inLanguage":"de","potentialAction":[{"@type":"ReadAction","target":["https:\/\/dignitynews.eu\/de\/wie-wurde-der-kommunismus-in-polen-belaechelt-aussergewoehnliche-happenings-der-orangen-alternative\/"]}]},{"@type":"BreadcrumbList","@id":"https:\/\/dignitynews.eu\/de\/wie-wurde-der-kommunismus-in-polen-belaechelt-aussergewoehnliche-happenings-der-orangen-alternative\/#breadcrumb","itemListElement":[{"@type":"ListItem","position":1,"name":"Strona g\u0142\u00f3wna","item":"https:\/\/dignitynews.eu\/de\/"},{"@type":"ListItem","position":2,"name":"Wie wurde der Kommunismus in Polen bel\u00e4chelt? Au\u00dfergew\u00f6hnliche Happenings der \u201eOrangen Alternative\u201d"}]},{"@type":"Person","@id":"https:\/\/dignitynews.eu\/pl\/#\/schema\/person\/4d8f570a0fd5c310685d78d9e520982c","name":"DignityNews.eu","image":{"@type":"ImageObject","inLanguage":"de","@id":"https:\/\/dignitynews.eu\/pl\/#\/schema\/person\/image\/","url":"https:\/\/secure.gravatar.com\/avatar\/b9fb3aa3cd2d5d3a6d24e67a6b58bc2980bf0c7f7bd3657a6322b8df227da3d9?s=96&d=mm&r=g","contentUrl":"https:\/\/secure.gravatar.com\/avatar\/b9fb3aa3cd2d5d3a6d24e67a6b58bc2980bf0c7f7bd3657a6322b8df227da3d9?s=96&d=mm&r=g","caption":"DignityNews.eu"},"sameAs":["aleksandra"],"url":"https:\/\/dignitynews.eu\/de\/author\/aleksandra\/"}]}},"_links":{"self":[{"href":"https:\/\/dignitynews.eu\/de\/wp-json\/wp\/v2\/posts\/12974","targetHints":{"allow":["GET"]}}],"collection":[{"href":"https:\/\/dignitynews.eu\/de\/wp-json\/wp\/v2\/posts"}],"about":[{"href":"https:\/\/dignitynews.eu\/de\/wp-json\/wp\/v2\/types\/post"}],"author":[{"embeddable":true,"href":"https:\/\/dignitynews.eu\/de\/wp-json\/wp\/v2\/users\/3"}],"replies":[{"embeddable":true,"href":"https:\/\/dignitynews.eu\/de\/wp-json\/wp\/v2\/comments?post=12974"}],"version-history":[{"count":2,"href":"https:\/\/dignitynews.eu\/de\/wp-json\/wp\/v2\/posts\/12974\/revisions"}],"predecessor-version":[{"id":12976,"href":"https:\/\/dignitynews.eu\/de\/wp-json\/wp\/v2\/posts\/12974\/revisions\/12976"}],"wp:featuredmedia":[{"embeddable":true,"href":"https:\/\/dignitynews.eu\/de\/wp-json\/wp\/v2\/media\/12858"}],"wp:attachment":[{"href":"https:\/\/dignitynews.eu\/de\/wp-json\/wp\/v2\/media?parent=12974"}],"wp:term":[{"taxonomy":"category","embeddable":true,"href":"https:\/\/dignitynews.eu\/de\/wp-json\/wp\/v2\/categories?post=12974"},{"taxonomy":"post_tag","embeddable":true,"href":"https:\/\/dignitynews.eu\/de\/wp-json\/wp\/v2\/tags?post=12974"}],"curies":[{"name":"wp","href":"https:\/\/api.w.org\/{rel}","templated":true}]}}