{"id":12696,"date":"2022-03-31T15:12:06","date_gmt":"2022-03-31T13:12:06","guid":{"rendered":"https:\/\/dignitynews.eu\/?p=12696"},"modified":"2022-03-31T15:12:06","modified_gmt":"2022-03-31T13:12:06","slug":"stellvertretender-minister-fuer-inneres-und-verwaltung-ueber-die-plaene-polens-zur-fluechtlingshilfe","status":"publish","type":"post","link":"https:\/\/dignitynews.eu\/de\/stellvertretender-minister-fuer-inneres-und-verwaltung-ueber-die-plaene-polens-zur-fluechtlingshilfe\/","title":{"rendered":"Stellvertretender Minister f\u00fcr Inneres und Verwaltung \u00fcber die Pl\u00e4ne Polens zur Fl\u00fcchtlingshilfe"},"content":{"rendered":"<h5><strong>B\u0142a\u017cej Pobo\u017cy, stellvertretender Leiter des Ministeriums f\u00fcr Inneres und Verwaltung, sagte, dass Polen von der Europ\u00e4ischen Union 2,2 Milliarden EUR f\u00fcr die Fl\u00fcchtlingshilfe erhalten m\u00f6chte. Er betonte, dass es wichtig sei, dass diese Gelder nicht mit komplizierten Verfahren f\u00fcr ihre Beschaffung und Abrechnung \u2014 wie bei den traditionellen EU-Fonds \u2014 belastet w\u00fcrden.<\/strong><\/h5>\n<p>\u201eWir rechnen mit Kosten von etwa 1000 EUR pro Person f\u00fcr die ersten sechs Monate. Am Tag der Anmeldung dieses Bedarfs bei der Europ\u00e4ischen Kommission belief sich dieser Betrag auf 2,2 Mrd. EUR. Dies ist der Betrag, den wir zu erhalten erwarten. Es ist wichtig, dass diese Mittel so genanntes \u201eleichtes\u201d Geld sind, wenn es darum geht, wie sie ausgegeben werden\u201d, sagte der stellvertretende Innenminister gegen\u00fcber dem \u00f6ffentlich-rechtlichen Nachrichtensender TVP Info.<\/p>\n<p>Pobo\u017cy wies darauf hin, dass diese Mittel nicht mit solchen Abrechnungsmethoden belastet werden sollten wie die traditionellen EU-Mittel. Er f\u00fcgte hinzu, dass die aktuellen EU-Empfehlungen darauf hindeuten, dass andere EU-Fonds wie der Koh\u00e4sionsfonds oder der Asyl-, Migrations- und Integrationsfonds genutzt werden sollten.<\/p>\n<p>\u201eDies gilt f\u00fcr Mittel aus diesen Fonds, die noch nicht ausgegeben wurden. Wenn wir im Rahmen des Innenministeriums nach solchen Mitteln greifen w\u00fcrden, w\u00e4ren es etwa 16 Millionen EUR, w\u00e4hrend die Bed\u00fcrfnisse viel gr\u00f6\u00dfer sind\u201d, sch\u00e4tzte der stellvertretende Minister ein.<\/p>\n<p>Nach Angaben der Vereinten Nationen haben \u00fcber 4 Millionen Ukrainer ihre Heimat verlassen, um dem Krieg zu entkommen. Das sind mehr als doppelt so viele Menschen wie w\u00e4hrend der gro\u00dfen Migrationswelle im Jahr 2015. Die meisten Menschen, die sich entschieden haben, die Ukraine zu verlassen, haben Polen erreicht.<\/p>\n<p>Nach Angaben des Grenzschutzes haben seit Beginn des Krieges in der Ukraine mehr als 2,344 Millionen Menschen die polnische Grenze \u00fcberquert. Nicht alle von ihnen sind in Polen geblieben. Laut Professor Maciej Duszczyk vom Zentrum f\u00fcr Migrationsforschung an der Universit\u00e4t Warschau seien von 1,2 bis 1,3 Millionen Ukrainer in Polen geblieben. Die anderen beschlie\u00dfen in der Regel, weiter in den Westen zu ziehen (800 &#8211; 900 Tausend). Es w\u00e4chst auch die Gruppe derjenigen, die in die Ukraine zur\u00fcckkehren.<\/p>\n<p>Arkadiusz S\u0142omczy\u0144ski<\/p>\n","protected":false},"excerpt":{"rendered":"<p>B\u0142a\u017cej Pobo\u017cy, stellvertretender Leiter des Ministeriums f\u00fcr Inneres und Verwaltung, sagte, dass Polen von der Europ\u00e4ischen Union 2,2 Milliarden EUR f\u00fcr die Fl\u00fcchtlingshilfe erhalten m\u00f6chte. Er betonte, dass es wichtig&hellip;<\/p>\n","protected":false},"author":7,"featured_media":12608,"comment_status":"closed","ping_status":"open","sticky":false,"template":"","format":"standard","meta":{"_mi_skip_tracking":false,"footnotes":""},"categories":[53],"tags":[],"class_list":["post-12696","post","type-post","status-publish","format-standard","has-post-thumbnail","hentry","category-nachrichten"],"yoast_head":"<!-- This site is optimized with the Yoast SEO plugin v19.4 - https:\/\/yoast.com\/wordpress\/plugins\/seo\/ -->\n<title>Stellvertretender Minister f\u00fcr Inneres und Verwaltung \u00fcber die Pl\u00e4ne Polens zur Fl\u00fcchtlingshilfe - W\u00fcrde - DignityNews.eu<\/title>\n<meta name=\"robots\" content=\"index, follow, max-snippet:-1, max-image-preview:large, max-video-preview:-1\" \/>\n<link rel=\"canonical\" href=\"https:\/\/dignitynews.eu\/de\/stellvertretender-minister-fuer-inneres-und-verwaltung-ueber-die-plaene-polens-zur-fluechtlingshilfe\/\" \/>\n<meta property=\"og:locale\" content=\"de_DE\" \/>\n<meta property=\"og:type\" content=\"article\" \/>\n<meta property=\"og:title\" content=\"Stellvertretender Minister f\u00fcr Inneres und Verwaltung \u00fcber die Pl\u00e4ne Polens zur Fl\u00fcchtlingshilfe - W\u00fcrde - DignityNews.eu\" \/>\n<meta property=\"og:description\" content=\"B\u0142a\u017cej Pobo\u017cy, stellvertretender Leiter des Ministeriums f\u00fcr Inneres und Verwaltung, sagte, dass Polen von der Europ\u00e4ischen Union 2,2 Milliarden EUR f\u00fcr die Fl\u00fcchtlingshilfe erhalten m\u00f6chte. Er betonte, dass es wichtig&hellip;\" \/>\n<meta property=\"og:url\" content=\"https:\/\/dignitynews.eu\/de\/stellvertretender-minister-fuer-inneres-und-verwaltung-ueber-die-plaene-polens-zur-fluechtlingshilfe\/\" \/>\n<meta property=\"og:site_name\" content=\"W\u00fcrde - DignityNews.eu\" \/>\n<meta property=\"article:published_time\" content=\"2022-03-31T13:12:06+00:00\" \/>\n<meta property=\"og:image\" content=\"https:\/\/dignitynews.eu\/wp-content\/uploads\/2022\/03\/Uchodzcy-\u2013-pieniadze-z-UE-fot.-Piotr-Molecki-East-News.jpg\" \/>\n\t<meta property=\"og:image:width\" content=\"1500\" \/>\n\t<meta property=\"og:image:height\" content=\"931\" \/>\n\t<meta property=\"og:image:type\" content=\"image\/jpeg\" \/>\n<meta name=\"author\" content=\"Dignity News\" \/>\n<meta name=\"twitter:card\" content=\"summary_large_image\" \/>\n<meta name=\"twitter:label1\" content=\"Verfasst von\" \/>\n\t<meta name=\"twitter:data1\" content=\"Dignity News\" \/>\n\t<meta name=\"twitter:label2\" content=\"Gesch\u00e4tzte Lesezeit\" \/>\n\t<meta name=\"twitter:data2\" content=\"2\u00a0Minuten\" \/>\n<script type=\"application\/ld+json\" class=\"yoast-schema-graph\">{\"@context\":\"https:\/\/schema.org\",\"@graph\":[{\"@type\":\"WebSite\",\"@id\":\"https:\/\/dignitynews.eu\/pl\/#website\",\"url\":\"https:\/\/dignitynews.eu\/pl\/\",\"name\":\"W\u00fcrde - DignityNews.eu\",\"description\":\"\",\"potentialAction\":[{\"@type\":\"SearchAction\",\"target\":{\"@type\":\"EntryPoint\",\"urlTemplate\":\"https:\/\/dignitynews.eu\/pl\/?s={search_term_string}\"},\"query-input\":\"required name=search_term_string\"}],\"inLanguage\":\"de\"},{\"@type\":\"WebPage\",\"@id\":\"https:\/\/dignitynews.eu\/de\/stellvertretender-minister-fuer-inneres-und-verwaltung-ueber-die-plaene-polens-zur-fluechtlingshilfe\/\",\"url\":\"https:\/\/dignitynews.eu\/de\/stellvertretender-minister-fuer-inneres-und-verwaltung-ueber-die-plaene-polens-zur-fluechtlingshilfe\/\",\"name\":\"Stellvertretender Minister f\u00fcr Inneres und Verwaltung \u00fcber die Pl\u00e4ne Polens zur Fl\u00fcchtlingshilfe - W\u00fcrde - DignityNews.eu\",\"isPartOf\":{\"@id\":\"https:\/\/dignitynews.eu\/pl\/#website\"},\"datePublished\":\"2022-03-31T13:12:06+00:00\",\"dateModified\":\"2022-03-31T13:12:06+00:00\",\"author\":{\"@id\":\"https:\/\/dignitynews.eu\/pl\/#\/schema\/person\/0b62b762b8174802fabc81a3ecb1bfcb\"},\"breadcrumb\":{\"@id\":\"https:\/\/dignitynews.eu\/de\/stellvertretender-minister-fuer-inneres-und-verwaltung-ueber-die-plaene-polens-zur-fluechtlingshilfe\/#breadcrumb\"},\"inLanguage\":\"de\",\"potentialAction\":[{\"@type\":\"ReadAction\",\"target\":[\"https:\/\/dignitynews.eu\/de\/stellvertretender-minister-fuer-inneres-und-verwaltung-ueber-die-plaene-polens-zur-fluechtlingshilfe\/\"]}]},{\"@type\":\"BreadcrumbList\",\"@id\":\"https:\/\/dignitynews.eu\/de\/stellvertretender-minister-fuer-inneres-und-verwaltung-ueber-die-plaene-polens-zur-fluechtlingshilfe\/#breadcrumb\",\"itemListElement\":[{\"@type\":\"ListItem\",\"position\":1,\"name\":\"Strona g\u0142\u00f3wna\",\"item\":\"https:\/\/dignitynews.eu\/de\/\"},{\"@type\":\"ListItem\",\"position\":2,\"name\":\"Stellvertretender Minister f\u00fcr Inneres und Verwaltung \u00fcber die Pl\u00e4ne Polens zur Fl\u00fcchtlingshilfe\"}]},{\"@type\":\"Person\",\"@id\":\"https:\/\/dignitynews.eu\/pl\/#\/schema\/person\/0b62b762b8174802fabc81a3ecb1bfcb\",\"name\":\"Dignity News\",\"image\":{\"@type\":\"ImageObject\",\"inLanguage\":\"de\",\"@id\":\"https:\/\/dignitynews.eu\/pl\/#\/schema\/person\/image\/\",\"url\":\"https:\/\/secure.gravatar.com\/avatar\/97963171a6d9108f8381bbefb1c6b150c445b6ddd9e3077b96c86cf5892c85dc?s=96&d=mm&r=g\",\"contentUrl\":\"https:\/\/secure.gravatar.com\/avatar\/97963171a6d9108f8381bbefb1c6b150c445b6ddd9e3077b96c86cf5892c85dc?s=96&d=mm&r=g\",\"caption\":\"Dignity News\"},\"url\":\"https:\/\/dignitynews.eu\/de\/author\/mikolaj-palade\/\"}]}<\/script>\n<!-- \/ Yoast SEO plugin. -->","yoast_head_json":{"title":"Stellvertretender Minister f\u00fcr Inneres und Verwaltung \u00fcber die Pl\u00e4ne Polens zur Fl\u00fcchtlingshilfe - W\u00fcrde - DignityNews.eu","robots":{"index":"index","follow":"follow","max-snippet":"max-snippet:-1","max-image-preview":"max-image-preview:large","max-video-preview":"max-video-preview:-1"},"canonical":"https:\/\/dignitynews.eu\/de\/stellvertretender-minister-fuer-inneres-und-verwaltung-ueber-die-plaene-polens-zur-fluechtlingshilfe\/","og_locale":"de_DE","og_type":"article","og_title":"Stellvertretender Minister f\u00fcr Inneres und Verwaltung \u00fcber die Pl\u00e4ne Polens zur Fl\u00fcchtlingshilfe - W\u00fcrde - DignityNews.eu","og_description":"B\u0142a\u017cej Pobo\u017cy, stellvertretender Leiter des Ministeriums f\u00fcr Inneres und Verwaltung, sagte, dass Polen von der Europ\u00e4ischen Union 2,2 Milliarden EUR f\u00fcr die Fl\u00fcchtlingshilfe erhalten m\u00f6chte. Er betonte, dass es wichtig&hellip;","og_url":"https:\/\/dignitynews.eu\/de\/stellvertretender-minister-fuer-inneres-und-verwaltung-ueber-die-plaene-polens-zur-fluechtlingshilfe\/","og_site_name":"W\u00fcrde - DignityNews.eu","article_published_time":"2022-03-31T13:12:06+00:00","og_image":[{"width":1500,"height":931,"url":"https:\/\/dignitynews.eu\/wp-content\/uploads\/2022\/03\/Uchodzcy-\u2013-pieniadze-z-UE-fot.-Piotr-Molecki-East-News.jpg","type":"image\/jpeg"}],"author":"Dignity News","twitter_card":"summary_large_image","twitter_misc":{"Verfasst von":"Dignity News","Gesch\u00e4tzte Lesezeit":"2\u00a0Minuten"},"schema":{"@context":"https:\/\/schema.org","@graph":[{"@type":"WebSite","@id":"https:\/\/dignitynews.eu\/pl\/#website","url":"https:\/\/dignitynews.eu\/pl\/","name":"W\u00fcrde - DignityNews.eu","description":"","potentialAction":[{"@type":"SearchAction","target":{"@type":"EntryPoint","urlTemplate":"https:\/\/dignitynews.eu\/pl\/?s={search_term_string}"},"query-input":"required name=search_term_string"}],"inLanguage":"de"},{"@type":"WebPage","@id":"https:\/\/dignitynews.eu\/de\/stellvertretender-minister-fuer-inneres-und-verwaltung-ueber-die-plaene-polens-zur-fluechtlingshilfe\/","url":"https:\/\/dignitynews.eu\/de\/stellvertretender-minister-fuer-inneres-und-verwaltung-ueber-die-plaene-polens-zur-fluechtlingshilfe\/","name":"Stellvertretender Minister f\u00fcr Inneres und Verwaltung \u00fcber die Pl\u00e4ne Polens zur Fl\u00fcchtlingshilfe - W\u00fcrde - DignityNews.eu","isPartOf":{"@id":"https:\/\/dignitynews.eu\/pl\/#website"},"datePublished":"2022-03-31T13:12:06+00:00","dateModified":"2022-03-31T13:12:06+00:00","author":{"@id":"https:\/\/dignitynews.eu\/pl\/#\/schema\/person\/0b62b762b8174802fabc81a3ecb1bfcb"},"breadcrumb":{"@id":"https:\/\/dignitynews.eu\/de\/stellvertretender-minister-fuer-inneres-und-verwaltung-ueber-die-plaene-polens-zur-fluechtlingshilfe\/#breadcrumb"},"inLanguage":"de","potentialAction":[{"@type":"ReadAction","target":["https:\/\/dignitynews.eu\/de\/stellvertretender-minister-fuer-inneres-und-verwaltung-ueber-die-plaene-polens-zur-fluechtlingshilfe\/"]}]},{"@type":"BreadcrumbList","@id":"https:\/\/dignitynews.eu\/de\/stellvertretender-minister-fuer-inneres-und-verwaltung-ueber-die-plaene-polens-zur-fluechtlingshilfe\/#breadcrumb","itemListElement":[{"@type":"ListItem","position":1,"name":"Strona g\u0142\u00f3wna","item":"https:\/\/dignitynews.eu\/de\/"},{"@type":"ListItem","position":2,"name":"Stellvertretender Minister f\u00fcr Inneres und Verwaltung \u00fcber die Pl\u00e4ne Polens zur Fl\u00fcchtlingshilfe"}]},{"@type":"Person","@id":"https:\/\/dignitynews.eu\/pl\/#\/schema\/person\/0b62b762b8174802fabc81a3ecb1bfcb","name":"Dignity News","image":{"@type":"ImageObject","inLanguage":"de","@id":"https:\/\/dignitynews.eu\/pl\/#\/schema\/person\/image\/","url":"https:\/\/secure.gravatar.com\/avatar\/97963171a6d9108f8381bbefb1c6b150c445b6ddd9e3077b96c86cf5892c85dc?s=96&d=mm&r=g","contentUrl":"https:\/\/secure.gravatar.com\/avatar\/97963171a6d9108f8381bbefb1c6b150c445b6ddd9e3077b96c86cf5892c85dc?s=96&d=mm&r=g","caption":"Dignity News"},"url":"https:\/\/dignitynews.eu\/de\/author\/mikolaj-palade\/"}]}},"_links":{"self":[{"href":"https:\/\/dignitynews.eu\/de\/wp-json\/wp\/v2\/posts\/12696","targetHints":{"allow":["GET"]}}],"collection":[{"href":"https:\/\/dignitynews.eu\/de\/wp-json\/wp\/v2\/posts"}],"about":[{"href":"https:\/\/dignitynews.eu\/de\/wp-json\/wp\/v2\/types\/post"}],"author":[{"embeddable":true,"href":"https:\/\/dignitynews.eu\/de\/wp-json\/wp\/v2\/users\/7"}],"replies":[{"embeddable":true,"href":"https:\/\/dignitynews.eu\/de\/wp-json\/wp\/v2\/comments?post=12696"}],"version-history":[{"count":2,"href":"https:\/\/dignitynews.eu\/de\/wp-json\/wp\/v2\/posts\/12696\/revisions"}],"predecessor-version":[{"id":12698,"href":"https:\/\/dignitynews.eu\/de\/wp-json\/wp\/v2\/posts\/12696\/revisions\/12698"}],"wp:featuredmedia":[{"embeddable":true,"href":"https:\/\/dignitynews.eu\/de\/wp-json\/wp\/v2\/media\/12608"}],"wp:attachment":[{"href":"https:\/\/dignitynews.eu\/de\/wp-json\/wp\/v2\/media?parent=12696"}],"wp:term":[{"taxonomy":"category","embeddable":true,"href":"https:\/\/dignitynews.eu\/de\/wp-json\/wp\/v2\/categories?post=12696"},{"taxonomy":"post_tag","embeddable":true,"href":"https:\/\/dignitynews.eu\/de\/wp-json\/wp\/v2\/tags?post=12696"}],"curies":[{"name":"wp","href":"https:\/\/api.w.org\/{rel}","templated":true}]}}